{"id":1813,"date":"2024-10-19T07:22:19","date_gmt":"2024-10-19T07:22:19","guid":{"rendered":"https:\/\/dikdurus.com\/?p=1813"},"modified":"2024-10-19T07:46:35","modified_gmt":"2024-10-19T07:46:35","slug":"yeni-meclis-baskani-ozturkler","status":"publish","type":"post","link":"https:\/\/dikdurus.com\/index.php\/2024\/10\/19\/yeni-meclis-baskani-ozturkler\/","title":{"rendered":"Yeni Meclis Ba\u015fkan\u0131 \u00d6zt\u00fcrkler"},"content":{"rendered":"\n<p><\/p>\n\n\n\n<p>Ziya \u00d6zt\u00fcrkler, 5\u2019inci turda Meclis Ba\u015fkan\u0131 ilan edildi. 10\u2019uncu d\u00f6nem 4\u2019\u00fcnc\u00fc yasama y\u0131l\u0131n\u0131n Meclis Ba\u015fkan\u0131 se\u00e7ilen \u00d6zt\u00fcrkler bu g\u00f6revi 2 d\u00f6nem yapacak.<br><br>Ulusal Birlik Partisi\u2019nin (UBP) Meclis Ba\u015fkan\u0131 Aday\u0131\u00a0<a href=\"https:\/\/www.kibrispostasi.com\/keyword\/137\" target=\"_blank\" rel=\"noreferrer noopener\"><\/a>Ziya \u00d6zt\u00fcrkler, Meclis Genel Kurulu\u2019nda yap\u0131lan oylamada 5\u2019inci turda yeni Meclis Ba\u015fkan\u0131 se\u00e7ildi.<\/p>\n\n\n\n<p>Cumhuriyet Meclisi\u2019nin yeni ba\u015fkan\u0131 UBP Milletvekili\u00a0<a href=\"https:\/\/www.kibrispostasi.com\/keyword\/137\" target=\"_blank\" rel=\"noreferrer noopener\"><\/a>Ziya \u00d6zt\u00fcrkler\u00a0oldu.<\/p>\n\n\n\n<p>10\u2019uncu d\u00f6nem 4\u2019\u00fcnc\u00fc yasama y\u0131l\u0131n\u0131n Meclis Ba\u015fkan\u0131 se\u00e7ilen\u00a0<a href=\"https:\/\/www.kibrispostasi.com\/keyword\/137\" target=\"_blank\" rel=\"noreferrer noopener\"><\/a>Ziya \u00d6zt\u00fcrkler\u00a0bu g\u00f6revi 2 d\u00f6nem yapacak.<\/p>\n\n\n\n<p>5&#8217;inci turda \u00d6zt\u00fcrker, 26 kabul, 23 ret oyu ald\u0131.<\/p>\n\n\n\n<p><strong>MUHALEFETTEN \u0130T\u0130RAZ<\/strong><\/p>\n\n\n\n<p>Meclis Ba\u015fkan\u0131\u00a0<a href=\"https:\/\/www.kibrispostasi.com\/keyword\/125\" target=\"_blank\" rel=\"noreferrer noopener\"><\/a><a href=\"https:\/\/www.kibrispostasi.com\/keyword\/125\" target=\"_blank\" rel=\"noreferrer noopener\"><\/a>Zorlu T\u00f6re,\u00a0<a href=\"https:\/\/www.kibrispostasi.com\/keyword\/148\" target=\"_blank\" rel=\"noreferrer noopener\"><\/a><a href=\"https:\/\/www.kibrispostasi.com\/keyword\/148\" target=\"_blank\" rel=\"noreferrer noopener\"><\/a><a href=\"https:\/\/www.kibrispostasi.com\/keyword\/148\" target=\"_blank\" rel=\"noreferrer noopener\"><\/a>CTP\u2019nin baz\u0131 oylarda \u00e7ift m\u00fch\u00fcr itiraz\u0131 \u015ferhi d\u00fc\u015ft\u00fc\u011f\u00fcn\u00fc belirtti.<\/p>\n\n\n\n<p><strong>Z\u0130YA \u00d6ZT\u00dcRKLER K\u0130MD\u0130R?<\/strong><\/p>\n\n\n\n<p>2 Kas\u0131m 1978 y\u0131l\u0131nda Lefko\u015fa\u2019da do\u011fdu. Lisans e\u011fitimini Yak\u0131ndo\u011fu \u00dcniversitesi T\u00fcrk Dili ve Edebiyat\u0131 B\u00f6l\u00fcm\u00fc\u2019nde, y\u00fcksek lisans e\u011fitimini Yak\u0131n Do\u011fu \u00dcniversitesi Halk Bilimi E\u011fitimi B\u00f6l\u00fcm\u00fc\u2019nde, doktora e\u011fitimini Yak\u0131ndo\u011fu \u00dcniversitesi E\u011fitim Y\u00f6netimi Denetimi Ekonomisi ve Planlamas\u0131 B\u00f6l\u00fcm\u00fc\u2019nde ald\u0131. Y\u0131ld\u0131z Teknik \u00dcniversitesi Y\u00f6netim ve Liderlik Sertifika Program\u0131\u2019n\u0131 tamamlad\u0131.<\/p>\n\n\n\n<p>Lefke Gazi Lisesi, \u015eehit Turgut Ortaokulu ve B\u00fclent Ecevit Anadolu Lisesi\u2019nde 2001-20014 y\u0131llar\u0131 aras\u0131nda \u00f6\u011fretmenlik yapt\u0131. 2014-2022 y\u0131llar\u0131 aras\u0131nda Milli E\u011fitim ve K\u00fclt\u00fcr Bakanl\u0131\u011f\u0131 Y\u00fcksek \u00d6\u011frenim ve D\u0131\u015fili\u015fkiler Dairesi M\u00fcd\u00fcr\u00fc olarak g\u00f6rev yapt\u0131.<\/p>\n\n\n\n<p>2014- 2021 y\u0131llar\u0131 aras\u0131nda ODT\u00dc Kuzey K\u0131br\u0131s Kamp\u00fcs\u00fc Y\u00f6netim Kurulu \u00dcyeli\u011fi, 2015-2017 y\u0131llar\u0131 aras\u0131nda G\u00fczelyurt T\u00fcrk K\u0131z\u0131lay Derne\u011fi Ba\u015fkanl\u0131\u011f\u0131, 2021-2022 y\u0131llar\u0131 aras\u0131nda&nbsp;<a href=\"https:\/\/www.kibrispostasi.com\/keyword\/24\" target=\"_blank\" rel=\"noreferrer noopener\"><\/a><a href=\"https:\/\/www.kibrispostasi.com\/keyword\/24\" target=\"_blank\" rel=\"noreferrer noopener\">Do\u011fu Akdeniz \u00dcniversitesi<\/a>&nbsp;Vak\u0131f Y\u00f6neticiler Kurulu \u00dcyeli\u011fi ve Cumhurba\u015fkanl\u0131\u011f\u0131 \u0130ki Tarafl\u0131 E\u011fitim Teknik Komitesi \u00dcyeli\u011fi g\u00f6revlerini y\u00fcr\u00fctt\u00fc.<\/p>\n\n\n\n<p>\u201cBir Gelecek D\u00fc\u015fl\u00fcyorum\u201d, \u201cG\u00fczelyurt K\u00fclt\u00fcr\u00fc\u201d, \u201cK\u0131br\u0131s Gazetesi\u2019nden al\u0131nt\u0131lar\u201d adl\u0131 kitaplar\u0131 yay\u0131nlanm\u0131\u015ft\u0131r.&nbsp; Bir\u00e7ok bilimsel bildirisi ve makalesi bulunmaktad\u0131r. 700\u2019den fazla k\u00f6\u015fe yaz\u0131s\u0131 yazm\u0131\u015ft\u0131r.<\/p>\n\n\n\n<p>23 Ocak 2022 Milletvekilli\u011fi Erken Genel Se\u00e7imlerinde Ulusal Birlik Partisi G\u00fczelyurt Milletvekili se\u00e7ilmi\u015ftir. 7 \u015fubat 2022 tarihinde yemin ederek g\u00f6reve ba\u015flad\u0131.<\/p>\n\n\n\n<p>12 May\u0131s 2022 tarihinde kurulan UBP-DP-YDP Koalisyon H\u00fck\u00fcmetinde \u0130\u00e7i\u015fleri Bakan\u0131 olarak g\u00f6rev ald\u0131. Bu g\u00f6revi 11 A\u011fustos 2023 tarihinde sona ermi\u015ftir.&nbsp; G\u00f6revini halen milletvekili olarak devam ettirmektedir.<\/p>\n\n\n\n<p>\u0130ngilizce bilmektedir.<\/p>\n\n\n\n<p>Evli ve iki \u00e7ocuk babas\u0131d\u0131r.<\/p>\n","protected":false},"excerpt":{"rendered":"<p>Ziya \u00d6zt\u00fcrkler, 5\u2019inci turda Meclis Ba\u015fkan\u0131 ilan edildi. 10\u2019uncu d\u00f6nem 4\u2019\u00fcnc\u00fc yasama y\u0131l\u0131n\u0131n Meclis Ba\u015fkan\u0131 se\u00e7ilen \u00d6zt\u00fcrkler bu g\u00f6revi 2 d\u00f6nem yapacak. Ulusal Birlik Partisi\u2019nin (UBP) Meclis Ba\u015fkan\u0131 Aday\u0131\u00a0Ziya \u00d6zt\u00fcrkler, Meclis Genel Kurulu\u2019nda yap\u0131lan oylamada 5\u2019inci turda yeni Meclis Ba\u015fkan\u0131 se\u00e7ildi. Cumhuriyet Meclisi\u2019nin yeni ba\u015fkan\u0131 UBP Milletvekili\u00a0Ziya \u00d6zt\u00fcrkler\u00a0oldu. 10\u2019uncu d\u00f6nem 4\u2019\u00fcnc\u00fc yasama y\u0131l\u0131n\u0131n Meclis Ba\u015fkan\u0131 [&hellip;]<\/p>\n","protected":false},"author":1,"featured_media":1814,"comment_status":"open","ping_status":"open","sticky":false,"template":"","format":"standard","meta":{"footnotes":""},"categories":[5,4],"tags":[179],"class_list":["post-1813","post","type-post","status-publish","format-standard","has-post-thumbnail","hentry","category-gundem","category-siyaset","tag-manset"],"amp_enabled":true,"_links":{"self":[{"href":"https:\/\/dikdurus.com\/index.php\/wp-json\/wp\/v2\/posts\/1813","targetHints":{"allow":["GET"]}}],"collection":[{"href":"https:\/\/dikdurus.com\/index.php\/wp-json\/wp\/v2\/posts"}],"about":[{"href":"https:\/\/dikdurus.com\/index.php\/wp-json\/wp\/v2\/types\/post"}],"author":[{"embeddable":true,"href":"https:\/\/dikdurus.com\/index.php\/wp-json\/wp\/v2\/users\/1"}],"replies":[{"embeddable":true,"href":"https:\/\/dikdurus.com\/index.php\/wp-json\/wp\/v2\/comments?post=1813"}],"version-history":[{"count":1,"href":"https:\/\/dikdurus.com\/index.php\/wp-json\/wp\/v2\/posts\/1813\/revisions"}],"predecessor-version":[{"id":1815,"href":"https:\/\/dikdurus.com\/index.php\/wp-json\/wp\/v2\/posts\/1813\/revisions\/1815"}],"wp:featuredmedia":[{"embeddable":true,"href":"https:\/\/dikdurus.com\/index.php\/wp-json\/wp\/v2\/media\/1814"}],"wp:attachment":[{"href":"https:\/\/dikdurus.com\/index.php\/wp-json\/wp\/v2\/media?parent=1813"}],"wp:term":[{"taxonomy":"category","embeddable":true,"href":"https:\/\/dikdurus.com\/index.php\/wp-json\/wp\/v2\/categories?post=1813"},{"taxonomy":"post_tag","embeddable":true,"href":"https:\/\/dikdurus.com\/index.php\/wp-json\/wp\/v2\/tags?post=1813"}],"curies":[{"name":"wp","href":"https:\/\/api.w.org\/{rel}","templated":true}]}}