{"id":3970,"date":"2026-01-27T09:50:24","date_gmt":"2026-01-27T09:50:24","guid":{"rendered":"https:\/\/dikdurus.com\/?p=3970"},"modified":"2026-01-27T09:50:24","modified_gmt":"2026-01-27T09:50:24","slug":"istanbul-sozlesmesi-kutsalimiz","status":"publish","type":"post","link":"https:\/\/dikdurus.com\/index.php\/2026\/01\/27\/istanbul-sozlesmesi-kutsalimiz\/","title":{"rendered":"&#8216;\u0130stanbul s\u00f6zle\u015fmesi kutsal\u0131m\u0131z&#8217;"},"content":{"rendered":"\n<p><\/p>\n\n\n\n<p>G\u00fcney K\u0131br\u0131s\u2019ta Ana muhalefet DISI milletvekili Nikos Sikas, k\u0131z arkada\u015f\u0131n\u0131 \u2018d\u00f6vd\u00fc\u011f\u00fc\u2019 y\u00f6n\u00fcndeki \u015fikayet sonras\u0131nda ba\u015flayan tart\u0131\u015fmalar devam ediyor.<\/p>\n\n\n\n<figure class=\"wp-block-embed is-type-rich is-provider-twitter wp-block-embed-twitter\"><div class=\"wp-block-embed__wrapper\">\n<blockquote class=\"twitter-tweet\" data-width=\"550\" data-dnt=\"true\"><p lang=\"tr\" dir=\"ltr\">\ud83d\udccdG\u00fcney K\u0131br\u0131s\u2019ta Ana muhalefet DISI milletvekili Nikos Sikas, k\u0131z arkada\u015f\u0131n\u0131 \u2018d\u00f6vd\u00fc\u011f\u00fc\u2019 y\u00f6n\u00fcndeki \u015fikayet sonras\u0131nda ba\u015flayan tart\u0131\u015fmalar devam ediyor.<br><br>Temsilciler Meclisi Ba\u015fkan\u0131 <a href=\"https:\/\/twitter.com\/AnnitaDemetriou?ref_src=twsrc%5Etfw\">@AnnitaDemetriou<\/a> Sikas\u2019\u0131 \u2018kad\u0131na \u015fiddet\u2019 yapt\u0131\u011f\u0131 gerek\u00e7esi parti aday listesinden \u00e7\u0131kard\u0131.\u2026 <a href=\"https:\/\/t.co\/lV42EU2wRP\">pic.twitter.com\/lV42EU2wRP<\/a><\/p>&mdash; Dr. Sefa Karahasan (@sefakarahasan) <a href=\"https:\/\/twitter.com\/sefakarahasan\/status\/2015717777181429865?ref_src=twsrc%5Etfw\">January 26, 2026<\/a><\/blockquote><script async src=\"https:\/\/platform.twitter.com\/widgets.js\" charset=\"utf-8\"><\/script>\n<\/div><\/figure>\n","protected":false},"excerpt":{"rendered":"<p>G\u00fcney K\u0131br\u0131s\u2019ta Ana muhalefet DISI milletvekili Nikos Sikas, k\u0131z arkada\u015f\u0131n\u0131 \u2018d\u00f6vd\u00fc\u011f\u00fc\u2019 y\u00f6n\u00fcndeki \u015fikayet sonras\u0131nda ba\u015flayan tart\u0131\u015fmalar devam ediyor.<\/p>\n","protected":false},"author":1,"featured_media":3971,"comment_status":"open","ping_status":"open","sticky":false,"template":"","format":"standard","meta":{"footnotes":""},"categories":[7,5,2],"tags":[],"class_list":["post-3970","post","type-post","status-publish","format-standard","has-post-thumbnail","hentry","category-egitim","category-gundem","category-guney-kibris"],"amp_enabled":true,"_links":{"self":[{"href":"https:\/\/dikdurus.com\/index.php\/wp-json\/wp\/v2\/posts\/3970","targetHints":{"allow":["GET"]}}],"collection":[{"href":"https:\/\/dikdurus.com\/index.php\/wp-json\/wp\/v2\/posts"}],"about":[{"href":"https:\/\/dikdurus.com\/index.php\/wp-json\/wp\/v2\/types\/post"}],"author":[{"embeddable":true,"href":"https:\/\/dikdurus.com\/index.php\/wp-json\/wp\/v2\/users\/1"}],"replies":[{"embeddable":true,"href":"https:\/\/dikdurus.com\/index.php\/wp-json\/wp\/v2\/comments?post=3970"}],"version-history":[{"count":1,"href":"https:\/\/dikdurus.com\/index.php\/wp-json\/wp\/v2\/posts\/3970\/revisions"}],"predecessor-version":[{"id":3972,"href":"https:\/\/dikdurus.com\/index.php\/wp-json\/wp\/v2\/posts\/3970\/revisions\/3972"}],"wp:featuredmedia":[{"embeddable":true,"href":"https:\/\/dikdurus.com\/index.php\/wp-json\/wp\/v2\/media\/3971"}],"wp:attachment":[{"href":"https:\/\/dikdurus.com\/index.php\/wp-json\/wp\/v2\/media?parent=3970"}],"wp:term":[{"taxonomy":"category","embeddable":true,"href":"https:\/\/dikdurus.com\/index.php\/wp-json\/wp\/v2\/categories?post=3970"},{"taxonomy":"post_tag","embeddable":true,"href":"https:\/\/dikdurus.com\/index.php\/wp-json\/wp\/v2\/tags?post=3970"}],"curies":[{"name":"wp","href":"https:\/\/api.w.org\/{rel}","templated":true}]}}