{"id":4380,"date":"2026-04-26T13:58:10","date_gmt":"2026-04-26T13:58:10","guid":{"rendered":"https:\/\/dikdurus.com\/?p=4380"},"modified":"2026-04-26T13:58:11","modified_gmt":"2026-04-26T13:58:11","slug":"fransa-ile-haziran-ayinda-asker-anlasmasi-imzalanacak","status":"publish","type":"post","link":"https:\/\/dikdurus.com\/index.php\/2026\/04\/26\/fransa-ile-haziran-ayinda-asker-anlasmasi-imzalanacak\/","title":{"rendered":"Fransa ile Haziran ay\u0131nda asker anla\u015fmas\u0131 imzalanacak"},"content":{"rendered":"\n<p>Rum y\u00f6netimi Ba\u015fkan\u0131 <a href=\"https:\/\/twitter.com\/Christodulides?ref_src=twsrc%5Etfw%7Ctwcamp%5Etweetembed%7Ctwterm%5E2048340670838870284%7Ctwgr%5Eda6f028acada8ca896f28f7cc03151cc301de9c2%7Ctwcon%5Es1_&amp;ref_url=https%3A%2F%2Fdikdurus.com%2Fwp-admin%2Fpost-new.php\" target=\"_blank\" rel=\"noreferrer noopener\">@Christodulides<\/a>\u2019den Frans\u0131z askeri a\u00e7\u0131klamas\u0131: \u201cK\u0131br\u0131s&#8217;ta Frans\u0131z kuvvetlerinin bulunmas\u0131na ili\u015fkin anla\u015fma Haziran ay\u0131nda imzalanacak\u2026\u201d<\/p>\n\n\n\n<p><\/p>\n\n\n\n<figure class=\"wp-block-embed is-type-rich is-provider-twitter wp-block-embed-twitter\"><div class=\"wp-block-embed__wrapper\">\n<blockquote class=\"twitter-tweet\" data-width=\"550\" data-dnt=\"true\"><p lang=\"tr\" dir=\"ltr\">\ud83d\udccdRum y\u00f6netimi Ba\u015fkan\u0131 <a href=\"https:\/\/twitter.com\/Christodulides?ref_src=twsrc%5Etfw\">@Christodulides<\/a>\u2019den Frans\u0131z askeri a\u00e7\u0131klamas\u0131: <br><br>\u201cK\u0131br\u0131s&#39;ta Frans\u0131z kuvvetlerinin bulunmas\u0131na ili\u015fkin anla\u015fma Haziran ay\u0131nda imzalanacak\u2026\u201d <a href=\"https:\/\/t.co\/fIRCQCDiFH\">pic.twitter.com\/fIRCQCDiFH<\/a><\/p>&mdash; Dr. Sefa Karahasan (@sefakarahasan) <a href=\"https:\/\/twitter.com\/sefakarahasan\/status\/2048340670838870284?ref_src=twsrc%5Etfw\">April 26, 2026<\/a><\/blockquote><script async src=\"https:\/\/platform.twitter.com\/widgets.js\" charset=\"utf-8\"><\/script>\n<\/div><\/figure>\n","protected":false},"excerpt":{"rendered":"<p>Rum y\u00f6netimi Ba\u015fkan\u0131 @Christodulides\u2019den Frans\u0131z askeri a\u00e7\u0131klamas\u0131: \u201cK\u0131br\u0131s&#8217;ta Frans\u0131z kuvvetlerinin bulunmas\u0131na ili\u015fkin anla\u015fma Haziran ay\u0131nda imzalanacak\u2026\u201d<\/p>\n","protected":false},"author":1,"featured_media":4381,"comment_status":"open","ping_status":"open","sticky":false,"template":"","format":"standard","meta":{"footnotes":""},"categories":[5,2,3],"tags":[179],"class_list":["post-4380","post","type-post","status-publish","format-standard","has-post-thumbnail","hentry","category-gundem","category-guney-kibris","category-kibris-sorunu","tag-manset"],"amp_enabled":true,"_links":{"self":[{"href":"https:\/\/dikdurus.com\/index.php\/wp-json\/wp\/v2\/posts\/4380","targetHints":{"allow":["GET"]}}],"collection":[{"href":"https:\/\/dikdurus.com\/index.php\/wp-json\/wp\/v2\/posts"}],"about":[{"href":"https:\/\/dikdurus.com\/index.php\/wp-json\/wp\/v2\/types\/post"}],"author":[{"embeddable":true,"href":"https:\/\/dikdurus.com\/index.php\/wp-json\/wp\/v2\/users\/1"}],"replies":[{"embeddable":true,"href":"https:\/\/dikdurus.com\/index.php\/wp-json\/wp\/v2\/comments?post=4380"}],"version-history":[{"count":1,"href":"https:\/\/dikdurus.com\/index.php\/wp-json\/wp\/v2\/posts\/4380\/revisions"}],"predecessor-version":[{"id":4382,"href":"https:\/\/dikdurus.com\/index.php\/wp-json\/wp\/v2\/posts\/4380\/revisions\/4382"}],"wp:featuredmedia":[{"embeddable":true,"href":"https:\/\/dikdurus.com\/index.php\/wp-json\/wp\/v2\/media\/4381"}],"wp:attachment":[{"href":"https:\/\/dikdurus.com\/index.php\/wp-json\/wp\/v2\/media?parent=4380"}],"wp:term":[{"taxonomy":"category","embeddable":true,"href":"https:\/\/dikdurus.com\/index.php\/wp-json\/wp\/v2\/categories?post=4380"},{"taxonomy":"post_tag","embeddable":true,"href":"https:\/\/dikdurus.com\/index.php\/wp-json\/wp\/v2\/tags?post=4380"}],"curies":[{"name":"wp","href":"https:\/\/api.w.org\/{rel}","templated":true}]}}