{"id":4383,"date":"2026-04-26T13:59:14","date_gmt":"2026-04-26T13:59:14","guid":{"rendered":"https:\/\/dikdurus.com\/?p=4383"},"modified":"2026-04-26T13:59:14","modified_gmt":"2026-04-26T13:59:14","slug":"rum-gencleri-elami-tercih-ediyor","status":"publish","type":"post","link":"https:\/\/dikdurus.com\/index.php\/2026\/04\/26\/rum-gencleri-elami-tercih-ediyor\/","title":{"rendered":"Rum gen\u00e7leri ELAM&#8217;\u0131 tercih ediyor"},"content":{"rendered":"\n<p><\/p>\n\n\n\n<p>G\u00fcney K\u0131br\u0131s\u2019ta May\u0131s ay\u0131nda yap\u0131lacak se\u00e7imlerde 18-34 ya\u015f aras\u0131ndaki gen\u00e7lerin tercihi, K\u0131br\u0131s a\u00e7\u0131s\u0131ndan endi\u015fe verici rakamlar\u0131 ortaya koydu.<\/p>\n\n\n\n<figure class=\"wp-block-embed is-type-rich is-provider-twitter wp-block-embed-twitter\"><div class=\"wp-block-embed__wrapper\">\n<blockquote class=\"twitter-tweet\" data-width=\"550\" data-dnt=\"true\"><p lang=\"tr\" dir=\"ltr\">Rum gen\u00e7leri &#39;T\u00fcrk ve yabanc\u0131 kar\u015f\u0131t\u0131&#39; \u0131rk\u00e7\u0131 ELAM&#39;\u0131 destekliyor!<br><br>\ud83d\udccdG\u00fcney K\u0131br\u0131s\u2019ta May\u0131s ay\u0131nda yap\u0131lacak se\u00e7imlerde 18-34 ya\u015f aras\u0131ndaki gen\u00e7lerin tercihi, K\u0131br\u0131s a\u00e7\u0131s\u0131ndan endi\u015fe verici rakamlar\u0131 ortaya koydu.<br><br>Milletvekili aday tan\u0131t\u0131m\u0131nda konu\u015fan ELAM Ba\u015fkan\u0131 Christos\u2026 <a href=\"https:\/\/t.co\/o2OyZwvWKD\">https:\/\/t.co\/o2OyZwvWKD<\/a> <a href=\"https:\/\/t.co\/OxX07J71c8\">pic.twitter.com\/OxX07J71c8<\/a><\/p>&mdash; Dr. Sefa Karahasan (@sefakarahasan) <a href=\"https:\/\/twitter.com\/sefakarahasan\/status\/2048144922801328253?ref_src=twsrc%5Etfw\">April 25, 2026<\/a><\/blockquote><script async src=\"https:\/\/platform.twitter.com\/widgets.js\" charset=\"utf-8\"><\/script>\n<\/div><\/figure>\n","protected":false},"excerpt":{"rendered":"<p>G\u00fcney K\u0131br\u0131s\u2019ta May\u0131s ay\u0131nda yap\u0131lacak se\u00e7imlerde 18-34 ya\u015f aras\u0131ndaki gen\u00e7lerin tercihi, K\u0131br\u0131s a\u00e7\u0131s\u0131ndan endi\u015fe verici rakamlar\u0131 ortaya koydu.<\/p>\n","protected":false},"author":1,"featured_media":4384,"comment_status":"open","ping_status":"open","sticky":false,"template":"","format":"standard","meta":{"footnotes":""},"categories":[5,2],"tags":[],"class_list":["post-4383","post","type-post","status-publish","format-standard","has-post-thumbnail","hentry","category-gundem","category-guney-kibris"],"amp_enabled":true,"_links":{"self":[{"href":"https:\/\/dikdurus.com\/index.php\/wp-json\/wp\/v2\/posts\/4383","targetHints":{"allow":["GET"]}}],"collection":[{"href":"https:\/\/dikdurus.com\/index.php\/wp-json\/wp\/v2\/posts"}],"about":[{"href":"https:\/\/dikdurus.com\/index.php\/wp-json\/wp\/v2\/types\/post"}],"author":[{"embeddable":true,"href":"https:\/\/dikdurus.com\/index.php\/wp-json\/wp\/v2\/users\/1"}],"replies":[{"embeddable":true,"href":"https:\/\/dikdurus.com\/index.php\/wp-json\/wp\/v2\/comments?post=4383"}],"version-history":[{"count":1,"href":"https:\/\/dikdurus.com\/index.php\/wp-json\/wp\/v2\/posts\/4383\/revisions"}],"predecessor-version":[{"id":4385,"href":"https:\/\/dikdurus.com\/index.php\/wp-json\/wp\/v2\/posts\/4383\/revisions\/4385"}],"wp:featuredmedia":[{"embeddable":true,"href":"https:\/\/dikdurus.com\/index.php\/wp-json\/wp\/v2\/media\/4384"}],"wp:attachment":[{"href":"https:\/\/dikdurus.com\/index.php\/wp-json\/wp\/v2\/media?parent=4383"}],"wp:term":[{"taxonomy":"category","embeddable":true,"href":"https:\/\/dikdurus.com\/index.php\/wp-json\/wp\/v2\/categories?post=4383"},{"taxonomy":"post_tag","embeddable":true,"href":"https:\/\/dikdurus.com\/index.php\/wp-json\/wp\/v2\/tags?post=4383"}],"curies":[{"name":"wp","href":"https:\/\/api.w.org\/{rel}","templated":true}]}}