{"id":4553,"date":"2026-06-08T09:49:51","date_gmt":"2026-06-08T09:49:51","guid":{"rendered":"https:\/\/dikdurus.com\/?p=4553"},"modified":"2026-06-08T09:49:52","modified_gmt":"2026-06-08T09:49:52","slug":"rumlardan-kirgizistan-adimi","status":"publish","type":"post","link":"https:\/\/dikdurus.com\/index.php\/2026\/06\/08\/rumlardan-kirgizistan-adimi\/","title":{"rendered":"Rumlardan K\u0131rg\u0131zistan ad\u0131m\u0131"},"content":{"rendered":"\n<p class=\"wp-block-paragraph\"><\/p>\n\n\n\n<p class=\"wp-block-paragraph\">KIBRIS Rum D\u0131\u015fi\u015fleri Bakan\u0131 <a href=\"https:\/\/x.com\/ckombos\">@ckombos<\/a>, K\u0131rg\u0131zistan D\u0131\u015fi\u015fleri Bakan\u0131 Jeenbek Kulubaev ile bir araya geldi. G\u00fcney K\u0131br\u0131s ve K\u0131rg\u0131zistan siyasi i\u015fbirli\u011fine ili\u015fkin bir mutabakat zapt\u0131 imzaland\u0131.<\/p>\n\n\n\n<figure class=\"wp-block-embed is-type-rich is-provider-x wp-block-embed-x\"><div class=\"wp-block-embed__wrapper\">\n<blockquote class=\"twitter-tweet\" data-width=\"550\" data-dnt=\"true\"><p lang=\"tr\" dir=\"ltr\">\ud83d\udccdKIBRIS Rum D\u0131\u015fi\u015fleri Bakan\u0131 <a href=\"https:\/\/x.com\/ckombos?ref_src=twsrc%5Etfw\">@ckombos<\/a>, K\u0131rg\u0131zistan D\u0131\u015fi\u015fleri Bakan\u0131 Jeenbek Kulubaev ile bir araya geldi. G\u00fcney K\u0131br\u0131s ve K\u0131rg\u0131zistan siyasi i\u015fbirli\u011fine ili\u015fkin bir mutabakat zapt\u0131 imzaland\u0131.<br><br>G\u00f6r\u00fc\u015fmelerde \u2018\u2019K\u0131rg\u0131z-K\u0131br\u0131s i\u015fbirli\u011finin mevcut durumu ile siyasi, ticaret-ekonomik\u2026 <a href=\"https:\/\/t.co\/6HGPwwKQOe\">pic.twitter.com\/6HGPwwKQOe<\/a><\/p>&mdash; Dr. Sefa Karahasan (@sefakarahasan) <a href=\"https:\/\/x.com\/sefakarahasan\/status\/2063916337441763401?ref_src=twsrc%5Etfw\">June 8, 2026<\/a><\/blockquote><script async src=\"https:\/\/platform.x.com\/widgets.js\" charset=\"utf-8\"><\/script>\n<\/div><\/figure>\n","protected":false},"excerpt":{"rendered":"<p>KIBRIS Rum D\u0131\u015fi\u015fleri Bakan\u0131 @ckombos, K\u0131rg\u0131zistan D\u0131\u015fi\u015fleri Bakan\u0131 Jeenbek Kulubaev ile bir araya geldi. G\u00fcney K\u0131br\u0131s ve K\u0131rg\u0131zistan siyasi i\u015fbirli\u011fine ili\u015fkin bir mutabakat zapt\u0131 imzaland\u0131.<\/p>\n","protected":false},"author":1,"featured_media":4554,"comment_status":"open","ping_status":"open","sticky":false,"template":"","format":"standard","meta":{"footnotes":""},"categories":[5,2,3],"tags":[],"class_list":["post-4553","post","type-post","status-publish","format-standard","has-post-thumbnail","hentry","category-gundem","category-guney-kibris","category-kibris-sorunu"],"amp_enabled":true,"_links":{"self":[{"href":"https:\/\/dikdurus.com\/index.php\/wp-json\/wp\/v2\/posts\/4553","targetHints":{"allow":["GET"]}}],"collection":[{"href":"https:\/\/dikdurus.com\/index.php\/wp-json\/wp\/v2\/posts"}],"about":[{"href":"https:\/\/dikdurus.com\/index.php\/wp-json\/wp\/v2\/types\/post"}],"author":[{"embeddable":true,"href":"https:\/\/dikdurus.com\/index.php\/wp-json\/wp\/v2\/users\/1"}],"replies":[{"embeddable":true,"href":"https:\/\/dikdurus.com\/index.php\/wp-json\/wp\/v2\/comments?post=4553"}],"version-history":[{"count":1,"href":"https:\/\/dikdurus.com\/index.php\/wp-json\/wp\/v2\/posts\/4553\/revisions"}],"predecessor-version":[{"id":4555,"href":"https:\/\/dikdurus.com\/index.php\/wp-json\/wp\/v2\/posts\/4553\/revisions\/4555"}],"wp:featuredmedia":[{"embeddable":true,"href":"https:\/\/dikdurus.com\/index.php\/wp-json\/wp\/v2\/media\/4554"}],"wp:attachment":[{"href":"https:\/\/dikdurus.com\/index.php\/wp-json\/wp\/v2\/media?parent=4553"}],"wp:term":[{"taxonomy":"category","embeddable":true,"href":"https:\/\/dikdurus.com\/index.php\/wp-json\/wp\/v2\/categories?post=4553"},{"taxonomy":"post_tag","embeddable":true,"href":"https:\/\/dikdurus.com\/index.php\/wp-json\/wp\/v2\/tags?post=4553"}],"curies":[{"name":"wp","href":"https:\/\/api.w.org\/{rel}","templated":true}]}}