{"id":4559,"date":"2026-06-09T12:18:17","date_gmt":"2026-06-09T12:18:17","guid":{"rendered":"https:\/\/dikdurus.com\/?p=4559"},"modified":"2026-06-09T12:18:18","modified_gmt":"2026-06-09T12:18:18","slug":"turk-askeri-cekilsin-nato-gelsin","status":"publish","type":"post","link":"https:\/\/dikdurus.com\/index.php\/2026\/06\/09\/turk-askeri-cekilsin-nato-gelsin\/","title":{"rendered":"T\u00fcrk askeri \u00e7ekilsin, NATO gelsin"},"content":{"rendered":"\n<p class=\"wp-block-paragraph\"><\/p>\n\n\n\n<p class=\"wp-block-paragraph\">Rum H\u00fck\u00fcmet S\u00f6zc\u00fcs\u00fc Yard\u0131mc\u0131s\u0131 Yiannis Antoniou, &#8221;K\u0131br\u0131s sorunun \u00e7\u00f6z\u00fcm\u00fc i\u00e7in T\u00fcrk askerinin Ada\u2019dan \u00e7ekilmesini istediklerini&#8221; belirtti, yerine NATO \u00f6nerisi getirdi.<\/p>\n\n\n\n<figure class=\"wp-block-embed is-type-rich is-provider-x wp-block-embed-x\"><div class=\"wp-block-embed__wrapper\">\n<blockquote class=\"twitter-tweet\" data-width=\"550\" data-dnt=\"true\"><p lang=\"tr\" dir=\"ltr\">\ud83d\udccdRum H\u00fck\u00fcmet S\u00f6zc\u00fcs\u00fc Yard\u0131mc\u0131s\u0131 Yiannis Antoniou, &#39;&#39;K\u0131br\u0131s sorunun \u00e7\u00f6z\u00fcm\u00fc i\u00e7in T\u00fcrk askerinin Ada\u2019dan \u00e7ekilmesini istediklerini&#39;&#39; belirtti, yerine NATO \u00f6nerisi getirdi.<br><br>Rum S\u00f6zc\u00fc, &#39;&#39;T\u00fcrk askeri Ada&#39;dan \u00e7ekildikten sonra var\u0131lacak bir \u00e7\u00f6z\u00fcm\u00fcn\u00fcn denetlenmesi veya g\u00fcvenlik i\u00e7in\u2026 <a href=\"https:\/\/t.co\/nElNYSSo46\">pic.twitter.com\/nElNYSSo46<\/a><\/p>&mdash; Dr. Sefa Karahasan (@sefakarahasan) <a href=\"https:\/\/x.com\/sefakarahasan\/status\/2064082762106273825?ref_src=twsrc%5Etfw\">June 8, 2026<\/a><\/blockquote><script async src=\"https:\/\/platform.x.com\/widgets.js\" charset=\"utf-8\"><\/script>\n<\/div><\/figure>\n","protected":false},"excerpt":{"rendered":"<p>Rum H\u00fck\u00fcmet S\u00f6zc\u00fcs\u00fc Yard\u0131mc\u0131s\u0131 Yiannis Antoniou, &#8221;K\u0131br\u0131s sorunun \u00e7\u00f6z\u00fcm\u00fc i\u00e7in T\u00fcrk askerinin Ada\u2019dan \u00e7ekilmesini istediklerini&#8221; belirtti, yerine NATO \u00f6nerisi getirdi.<\/p>\n","protected":false},"author":1,"featured_media":4560,"comment_status":"open","ping_status":"open","sticky":false,"template":"","format":"standard","meta":{"footnotes":""},"categories":[1],"tags":[],"class_list":["post-4559","post","type-post","status-publish","format-standard","has-post-thumbnail","hentry","category-uncategorized"],"amp_enabled":true,"_links":{"self":[{"href":"https:\/\/dikdurus.com\/index.php\/wp-json\/wp\/v2\/posts\/4559","targetHints":{"allow":["GET"]}}],"collection":[{"href":"https:\/\/dikdurus.com\/index.php\/wp-json\/wp\/v2\/posts"}],"about":[{"href":"https:\/\/dikdurus.com\/index.php\/wp-json\/wp\/v2\/types\/post"}],"author":[{"embeddable":true,"href":"https:\/\/dikdurus.com\/index.php\/wp-json\/wp\/v2\/users\/1"}],"replies":[{"embeddable":true,"href":"https:\/\/dikdurus.com\/index.php\/wp-json\/wp\/v2\/comments?post=4559"}],"version-history":[{"count":1,"href":"https:\/\/dikdurus.com\/index.php\/wp-json\/wp\/v2\/posts\/4559\/revisions"}],"predecessor-version":[{"id":4561,"href":"https:\/\/dikdurus.com\/index.php\/wp-json\/wp\/v2\/posts\/4559\/revisions\/4561"}],"wp:featuredmedia":[{"embeddable":true,"href":"https:\/\/dikdurus.com\/index.php\/wp-json\/wp\/v2\/media\/4560"}],"wp:attachment":[{"href":"https:\/\/dikdurus.com\/index.php\/wp-json\/wp\/v2\/media?parent=4559"}],"wp:term":[{"taxonomy":"category","embeddable":true,"href":"https:\/\/dikdurus.com\/index.php\/wp-json\/wp\/v2\/categories?post=4559"},{"taxonomy":"post_tag","embeddable":true,"href":"https:\/\/dikdurus.com\/index.php\/wp-json\/wp\/v2\/tags?post=4559"}],"curies":[{"name":"wp","href":"https:\/\/api.w.org\/{rel}","templated":true}]}}