{"id":4568,"date":"2026-06-12T09:00:25","date_gmt":"2026-06-12T09:00:25","guid":{"rendered":"https:\/\/dikdurus.com\/?p=4568"},"modified":"2026-06-12T09:00:25","modified_gmt":"2026-06-12T09:00:25","slug":"hatipoglu-bagimlilik-ve-iyilesme-sempozyumunda-kktcyi-temsil-etti","status":"publish","type":"post","link":"https:\/\/dikdurus.com\/index.php\/2026\/06\/12\/hatipoglu-bagimlilik-ve-iyilesme-sempozyumunda-kktcyi-temsil-etti\/","title":{"rendered":"Hatipo\u011flu, Ba\u011f\u0131ml\u0131l\u0131k ve \u0130yile\u015fme Sempozyumu\u2019nda KKTC\u2019yi Temsil Etti"},"content":{"rendered":"\n<p class=\"wp-block-paragraph\"><\/p>\n\n\n\n<p class=\"wp-block-paragraph\">KKTC Uyu\u015fturucu ile M\u00fccadele Komisyonu Ba\u015fkan\u0131 Teyfide Tecel Hatipo\u011flu, Ba\u011f\u0131ml\u0131l\u0131k ve \u0130yile\u015fme Sempozyumu\u2019nda KKTC\u2019yi Temsil Etti<\/p>\n\n\n\n<p class=\"wp-block-paragraph\">KKTC Ba\u015fbakanl\u0131\u011f\u0131 Uyu\u015fturucu ile M\u00fccadele Komisyonu Ba\u015fkan\u0131 Teyfide Tecel Hatipo\u011flu, komisyon personeli ile birlikte 5-7 Haziran 2026 tarihleri aras\u0131nda, \u0130stanbul\u2019da ger\u00e7ekle\u015ftirilen Ba\u011f\u0131ml\u0131l\u0131k ve \u0130yile\u015fme Sempozyumu\u2019na kat\u0131larak Kuzey K\u0131br\u0131s T\u00fcrk Cumhuriyeti\u2019nde ba\u011f\u0131ml\u0131l\u0131kla m\u00fccadele alan\u0131nda y\u00fcr\u00fct\u00fclen \u00e7al\u0131\u015fmalar\u0131 uluslararas\u0131 platformda payla\u015ft\u0131.<\/p>\n\n\n\n<p class=\"wp-block-paragraph\">Alan\u0131nda \u00f6nemli uzmanlar\u0131n bir araya geldi\u011fi sempozyumda Hatipo\u011flu, \u201cKKTC\u2019ye Uzanan Bir El: \u0130yile\u015fmeye Giden Yol\u201d ba\u015fl\u0131kl\u0131 sunumunu ger\u00e7ekle\u015ftirerek, KKTC\u2019de ba\u011f\u0131ml\u0131l\u0131k alan\u0131nda y\u00fcr\u00fct\u00fclen \u00f6nleme \u00e7al\u0131\u015fmalar\u0131, tedaviye y\u00f6nlendirme hizmetleri, sosyal uyum faaliyetleri ve iyile\u015fme odakl\u0131 uygulamalar hakk\u0131nda kat\u0131l\u0131mc\u0131lara kapsaml\u0131 bilgiler verdi.<\/p>\n\n\n\n<p class=\"wp-block-paragraph\">Sempozyum s\u00fcresince ba\u011f\u0131ml\u0131l\u0131\u011f\u0131n n\u00f6robiyolojisinden kumar ba\u011f\u0131ml\u0131l\u0131\u011f\u0131na, iyile\u015fme s\u00fcre\u00e7lerinden koruyucu \u00f6nleme \u00e7al\u0131\u015fmalar\u0131na kadar bir\u00e7ok g\u00fcncel konu ele al\u0131n\u0131rken, farkl\u0131 \u00fclkelerden ve kurumlardan uzmanlar bilgi ve deneyimlerini payla\u015fma f\u0131rsat\u0131 buldu.<\/p>\n\n\n\n<p class=\"wp-block-paragraph\">Hatipo\u011flu yapt\u0131\u011f\u0131 de\u011ferlendirmede, ba\u011f\u0131ml\u0131l\u0131kla m\u00fccadelenin yaln\u0131zca madde kullan\u0131m\u0131n\u0131 sonland\u0131rmakla s\u0131n\u0131rl\u0131 olmad\u0131\u011f\u0131n\u0131, bireyin yeniden topluma kazand\u0131r\u0131lmas\u0131, sosyal i\u015flevselli\u011finin art\u0131r\u0131lmas\u0131 ve iyile\u015fme s\u00fcrecinin s\u00fcrd\u00fcr\u00fclebilir hale getirilmesinin de b\u00fcy\u00fck \u00f6nem ta\u015f\u0131d\u0131\u011f\u0131n\u0131 vurgulad\u0131.<\/p>\n\n\n\n<p class=\"wp-block-paragraph\">Hatipo\u011flu ayr\u0131ca sempozyumun d\u00fczenlenmesinde eme\u011fi ge\u00e7en ba\u015fta Prof. Dr. K\u00fcltegin \u00d6gel ve Uz. Psk. Melike \u015eim\u015fek olmak \u00fczere t\u00fcm organizasyon ekibine te\u015fekk\u00fcr etti. Prof. Dr. K\u00fcltegin \u00d6gel ve Uz. Psk. Melike \u015eim\u015fek\u2019in uzun y\u0131llard\u0131r KKTC Uyu\u015fturucu ile M\u00fccadele Komisyonu ile i\u015f birli\u011fi i\u00e7erisinde \u00e7al\u0131\u015ft\u0131klar\u0131n\u0131 belirten Hatipo\u011flu, Komisyon taraf\u0131ndan y\u00fcr\u00fct\u00fclen bir\u00e7ok proje, e\u011fitim program\u0131, ara\u015ft\u0131rma ve bilimsel faaliyete \u00f6nemli katk\u0131lar sunduklar\u0131n\u0131 ifade etti. Ayr\u0131ca her iki uzman\u0131n da y\u0131llard\u0131r Komisyon personeline d\u00fczenli s\u00fcpervizyon deste\u011fi sa\u011flayarak mesleki geli\u015fimlerine, hizmet kalitesinin art\u0131r\u0131lmas\u0131na ve ba\u011f\u0131ml\u0131l\u0131k alan\u0131ndaki \u00e7al\u0131\u015fmalar\u0131n bilimsel temeller \u00fczerinde s\u00fcrd\u00fcr\u00fclmesine \u00f6nemli katk\u0131larda bulunduklar\u0131n\u0131 vurgulad\u0131.<\/p>\n\n\n\n<p class=\"wp-block-paragraph\">Hatipo\u011flu, \u201cBa\u011f\u0131ml\u0131l\u0131kla m\u00fccadele alan\u0131nda bilgi ve deneyimlerini bizlerle payla\u015fan, y\u00fcr\u00fctt\u00fc\u011f\u00fcm\u00fcz \u00e7al\u0131\u015fmalara destek veren ve personelimizin mesleki geli\u015fimine y\u0131llard\u0131r katk\u0131 sa\u011flayan Prof. Dr. K\u00fcltegin \u00d6gel ile Uz. Psk. Melike \u015eim\u015fek\u2019e te\u015fekk\u00fcr ediyoruz. Bu i\u015f birli\u011fi sayesinde Komisyonumuzun hizmet kapasitesi g\u00fc\u00e7lenmi\u015f, ba\u011f\u0131ml\u0131l\u0131kla m\u00fccadelede daha etkin ve bilimsel temelli \u00e7al\u0131\u015fmalar y\u00fcr\u00fct\u00fclmesi m\u00fcmk\u00fcn olmu\u015ftur.\u201d ifadelerini kulland\u0131.<\/p>\n\n\n\n<p class=\"wp-block-paragraph\">KKTC Uyu\u015fturucu ile M\u00fccadele Komisyonu Ba\u015fkan\u0131 Teyfide Tecel Hatipo\u011flu, KKTC Uyu\u015fturucu ile M\u00fccadele Komisyonu\u2019nun, ulusal ve uluslararas\u0131 i\u015f birliklerini g\u00fc\u00e7lendirmeye, bilimsel temelli uygulamalar\u0131 yayg\u0131nla\u015ft\u0131rmaya ve ba\u011f\u0131ml\u0131l\u0131ktan etkilenen bireylerin iyile\u015fme s\u00fcre\u00e7lerini desteklemeye y\u00f6nelik \u00e7al\u0131\u015fmalar\u0131n\u0131 kararl\u0131l\u0131kla s\u00fcrd\u00fcrmeye devam edece\u011fini dile getirerek konu\u015fmas\u0131n\u0131 sonland\u0131rd\u0131.<\/p>\n","protected":false},"excerpt":{"rendered":"<p>KKTC Uyu\u015fturucu ile M\u00fccadele Komisyonu Ba\u015fkan\u0131 Teyfide Tecel Hatipo\u011flu, Ba\u011f\u0131ml\u0131l\u0131k ve \u0130yile\u015fme Sempozyumu\u2019nda KKTC\u2019yi Temsil Etti KKTC Ba\u015fbakanl\u0131\u011f\u0131 Uyu\u015fturucu ile M\u00fccadele Komisyonu Ba\u015fkan\u0131 Teyfide Tecel Hatipo\u011flu, komisyon personeli ile birlikte 5-7 Haziran 2026 tarihleri aras\u0131nda, \u0130stanbul\u2019da ger\u00e7ekle\u015ftirilen Ba\u011f\u0131ml\u0131l\u0131k ve \u0130yile\u015fme Sempozyumu\u2019na kat\u0131larak Kuzey K\u0131br\u0131s T\u00fcrk Cumhuriyeti\u2019nde ba\u011f\u0131ml\u0131l\u0131kla m\u00fccadele alan\u0131nda y\u00fcr\u00fct\u00fclen \u00e7al\u0131\u015fmalar\u0131 uluslararas\u0131 platformda payla\u015ft\u0131. Alan\u0131nda [&hellip;]<\/p>\n","protected":false},"author":1,"featured_media":4569,"comment_status":"open","ping_status":"open","sticky":false,"template":"","format":"standard","meta":{"footnotes":""},"categories":[7,5],"tags":[],"class_list":["post-4568","post","type-post","status-publish","format-standard","has-post-thumbnail","hentry","category-egitim","category-gundem"],"amp_enabled":true,"_links":{"self":[{"href":"https:\/\/dikdurus.com\/index.php\/wp-json\/wp\/v2\/posts\/4568","targetHints":{"allow":["GET"]}}],"collection":[{"href":"https:\/\/dikdurus.com\/index.php\/wp-json\/wp\/v2\/posts"}],"about":[{"href":"https:\/\/dikdurus.com\/index.php\/wp-json\/wp\/v2\/types\/post"}],"author":[{"embeddable":true,"href":"https:\/\/dikdurus.com\/index.php\/wp-json\/wp\/v2\/users\/1"}],"replies":[{"embeddable":true,"href":"https:\/\/dikdurus.com\/index.php\/wp-json\/wp\/v2\/comments?post=4568"}],"version-history":[{"count":1,"href":"https:\/\/dikdurus.com\/index.php\/wp-json\/wp\/v2\/posts\/4568\/revisions"}],"predecessor-version":[{"id":4570,"href":"https:\/\/dikdurus.com\/index.php\/wp-json\/wp\/v2\/posts\/4568\/revisions\/4570"}],"wp:featuredmedia":[{"embeddable":true,"href":"https:\/\/dikdurus.com\/index.php\/wp-json\/wp\/v2\/media\/4569"}],"wp:attachment":[{"href":"https:\/\/dikdurus.com\/index.php\/wp-json\/wp\/v2\/media?parent=4568"}],"wp:term":[{"taxonomy":"category","embeddable":true,"href":"https:\/\/dikdurus.com\/index.php\/wp-json\/wp\/v2\/categories?post=4568"},{"taxonomy":"post_tag","embeddable":true,"href":"https:\/\/dikdurus.com\/index.php\/wp-json\/wp\/v2\/tags?post=4568"}],"curies":[{"name":"wp","href":"https:\/\/api.w.org\/{rel}","templated":true}]}}