{"id":4636,"date":"2026-06-26T10:03:48","date_gmt":"2026-06-26T10:03:48","guid":{"rendered":"https:\/\/dikdurus.com\/?p=4636"},"modified":"2026-06-26T10:03:48","modified_gmt":"2026-06-26T10:03:48","slug":"bagimlilikla-mucadelede-farkindalik-egitimi","status":"publish","type":"post","link":"https:\/\/dikdurus.com\/index.php\/2026\/06\/26\/bagimlilikla-mucadelede-farkindalik-egitimi\/","title":{"rendered":"Ba\u011f\u0131ml\u0131l\u0131kla m\u00fccadelede fark\u0131ndal\u0131k e\u011fitimi"},"content":{"rendered":"\n<p class=\"wp-block-paragraph\"><\/p>\n\n\n\n<p class=\"wp-block-paragraph\">KKTC Ba\u015fbakanl\u0131k Uyu\u015fturucu ile M\u00fccadele Komisyonu ile Parmis Cosmetics i\u015f birli\u011finde d\u00fczenlenen \u201cBa\u011f\u0131ml\u0131l\u0131k Fark\u0131ndal\u0131k E\u011fitimi\u201d, Lefko\u015fa\u2019da ger\u00e7ekle\u015ftirildi.<\/p>\n\n\n\n<p class=\"wp-block-paragraph\">Toplumsal bilinci art\u0131rmak ve ba\u011f\u0131ml\u0131l\u0131kla m\u00fccadelede kurumsal fark\u0131ndal\u0131\u011f\u0131 g\u00fc\u00e7lendirmek amac\u0131yla hayata ge\u00e7irilen e\u011fitime yo\u011fun kat\u0131l\u0131m sa\u011fland\u0131. E\u011fitim program\u0131na Parmis Cosmetics Direkt\u00f6rleri Pelin Ayken ve Alpin Ar da kat\u0131ld\u0131.<\/p>\n\n\n\n<p class=\"wp-block-paragraph\">Program\u0131n a\u00e7\u0131l\u0131\u015f konu\u015fmas\u0131n\u0131 yapan Uyu\u015fturucu ile M\u00fccadele Komisyonu Ba\u015fkan\u0131 Teyfide Tecel Hatipo\u011flu, ba\u011f\u0131ml\u0131l\u0131kla m\u00fccadelede fark\u0131ndal\u0131\u011f\u0131n \u00f6nemine dikkat \u00e7ekti. Ard\u0131ndan komisyon uzmanlar\u0131ndan Muhammed Dokuz, ba\u011f\u0131ml\u0131l\u0131k s\u00fcre\u00e7leri, bireysel ve toplumsal etkileri, korunma y\u00f6ntemleri ile erken fark\u0131ndal\u0131\u011f\u0131n \u00f6nemi hakk\u0131nda kat\u0131l\u0131mc\u0131lara bilgi verdi.<\/p>\n\n\n\n<figure class=\"wp-block-image size-large\"><img loading=\"lazy\" decoding=\"async\" width=\"1024\" height=\"683\" src=\"https:\/\/dikdurus.com\/wp-content\/uploads\/2026\/06\/1-65-of-72-1024x683.jpg\" alt=\"\" class=\"wp-image-4639\" srcset=\"https:\/\/dikdurus.com\/wp-content\/uploads\/2026\/06\/1-65-of-72-1024x683.jpg 1024w, https:\/\/dikdurus.com\/wp-content\/uploads\/2026\/06\/1-65-of-72-300x200.jpg 300w, https:\/\/dikdurus.com\/wp-content\/uploads\/2026\/06\/1-65-of-72-768x512.jpg 768w, https:\/\/dikdurus.com\/wp-content\/uploads\/2026\/06\/1-65-of-72-1536x1024.jpg 1536w, https:\/\/dikdurus.com\/wp-content\/uploads\/2026\/06\/1-65-of-72-2048x1365.jpg 2048w\" sizes=\"auto, (max-width: 1024px) 100vw, 1024px\" \/><\/figure>\n\n\n\n<p class=\"wp-block-paragraph\">\u0130nteraktif sunumlar ve soru-cevap b\u00f6l\u00fcm\u00fcyle devam eden e\u011fitimde, ba\u011f\u0131ml\u0131l\u0131kla m\u00fccadelede kamu kurumlar\u0131 ile \u00f6zel sekt\u00f6r aras\u0131ndaki i\u015f birli\u011finin \u00f6nemi vurguland\u0131. Kat\u0131l\u0131mc\u0131lar, sa\u011fl\u0131kl\u0131 ya\u015fam bilincinin toplum genelinde yayg\u0131nla\u015ft\u0131r\u0131lmas\u0131na y\u00f6nelik \u00e7al\u0131\u015fmalar hakk\u0131nda da bilgilendirildi.<\/p>\n\n\n\n<p class=\"wp-block-paragraph\">Etkinlik sonunda, projeye katk\u0131 sa\u011flayan payda\u015flara ve e\u011fitmenlere te\u015fekk\u00fcr edilerek, ba\u011f\u0131ml\u0131l\u0131kla m\u00fccadelede fark\u0131ndal\u0131k \u00e7al\u0131\u015fmalar\u0131n\u0131n s\u00fcrd\u00fcr\u00fclece\u011fi belirtildi.<\/p>\n","protected":false},"excerpt":{"rendered":"<p>KKTC Ba\u015fbakanl\u0131k Uyu\u015fturucu ile M\u00fccadele Komisyonu ile Parmis Cosmetics i\u015f birli\u011finde d\u00fczenlenen \u201cBa\u011f\u0131ml\u0131l\u0131k Fark\u0131ndal\u0131k E\u011fitimi\u201d, Lefko\u015fa\u2019da ger\u00e7ekle\u015ftirildi. Toplumsal bilinci art\u0131rmak ve ba\u011f\u0131ml\u0131l\u0131kla m\u00fccadelede kurumsal fark\u0131ndal\u0131\u011f\u0131 g\u00fc\u00e7lendirmek amac\u0131yla hayata ge\u00e7irilen e\u011fitime yo\u011fun kat\u0131l\u0131m sa\u011fland\u0131. E\u011fitim program\u0131na Parmis Cosmetics Direkt\u00f6rleri Pelin Ayken ve Alpin Ar da kat\u0131ld\u0131. Program\u0131n a\u00e7\u0131l\u0131\u015f konu\u015fmas\u0131n\u0131 yapan Uyu\u015fturucu ile M\u00fccadele Komisyonu Ba\u015fkan\u0131 Teyfide [&hellip;]<\/p>\n","protected":false},"author":1,"featured_media":4638,"comment_status":"open","ping_status":"open","sticky":false,"template":"","format":"standard","meta":{"footnotes":""},"categories":[7],"tags":[],"class_list":["post-4636","post","type-post","status-publish","format-standard","has-post-thumbnail","hentry","category-egitim"],"amp_enabled":true,"_links":{"self":[{"href":"https:\/\/dikdurus.com\/index.php\/wp-json\/wp\/v2\/posts\/4636","targetHints":{"allow":["GET"]}}],"collection":[{"href":"https:\/\/dikdurus.com\/index.php\/wp-json\/wp\/v2\/posts"}],"about":[{"href":"https:\/\/dikdurus.com\/index.php\/wp-json\/wp\/v2\/types\/post"}],"author":[{"embeddable":true,"href":"https:\/\/dikdurus.com\/index.php\/wp-json\/wp\/v2\/users\/1"}],"replies":[{"embeddable":true,"href":"https:\/\/dikdurus.com\/index.php\/wp-json\/wp\/v2\/comments?post=4636"}],"version-history":[{"count":1,"href":"https:\/\/dikdurus.com\/index.php\/wp-json\/wp\/v2\/posts\/4636\/revisions"}],"predecessor-version":[{"id":4640,"href":"https:\/\/dikdurus.com\/index.php\/wp-json\/wp\/v2\/posts\/4636\/revisions\/4640"}],"wp:featuredmedia":[{"embeddable":true,"href":"https:\/\/dikdurus.com\/index.php\/wp-json\/wp\/v2\/media\/4638"}],"wp:attachment":[{"href":"https:\/\/dikdurus.com\/index.php\/wp-json\/wp\/v2\/media?parent=4636"}],"wp:term":[{"taxonomy":"category","embeddable":true,"href":"https:\/\/dikdurus.com\/index.php\/wp-json\/wp\/v2\/categories?post=4636"},{"taxonomy":"post_tag","embeddable":true,"href":"https:\/\/dikdurus.com\/index.php\/wp-json\/wp\/v2\/tags?post=4636"}],"curies":[{"name":"wp","href":"https:\/\/api.w.org\/{rel}","templated":true}]}}