{"id":4643,"date":"2026-06-26T12:15:31","date_gmt":"2026-06-26T12:15:31","guid":{"rendered":"https:\/\/dikdurus.com\/?p=4643"},"modified":"2026-06-26T12:15:32","modified_gmt":"2026-06-26T12:15:32","slug":"kuzey-kibris-turkcell-calisanlari-2026-hedefleri-icin-bir-araya-geldi","status":"publish","type":"post","link":"https:\/\/dikdurus.com\/index.php\/2026\/06\/26\/kuzey-kibris-turkcell-calisanlari-2026-hedefleri-icin-bir-araya-geldi\/","title":{"rendered":"Kuzey K\u0131br\u0131s Turkcell \u00e7al\u0131\u015fanlar\u0131 2026 hedefleri i\u00e7in bir araya geldi"},"content":{"rendered":"\n<p class=\"wp-block-paragraph\"><\/p>\n\n\n\n<p class=\"wp-block-paragraph\">Kuzey K\u0131br\u0131s Turkcell, 10 Haziran\u2019da Acapulco Resort Convention SPA Hotel\u2019de d\u00fczenledi\u011fi \u0130\u00e7<br>\u0130leti\u015fim Toplant\u0131s\u0131\u2019nda yakla\u015f\u0131k 200 \u00e7al\u0131\u015fan\u0131n\u0131 ortak hedefler, stratejik \u00f6ncelikler ve gelecek vizyonu etraf\u0131nda bulu\u015fturdu. G\u00fcn boyunca ger\u00e7ekle\u015ftirilen oturumlarda \u015firketin 2026 hedefleri, teknolojik d\u00f6n\u00fc\u015f\u00fcm projeleri, kurum k\u00fclt\u00fcr\u00fc ve \u00e7al\u0131\u015fan deneyimi odakl\u0131 \u00e7al\u0131\u015fmalar\u0131 payla\u015f\u0131ld\u0131.<\/p>\n\n\n\n<p class=\"wp-block-paragraph\"><br>Kuzey K\u0131br\u0131s Turkcell\u2019in geleneksel \u0130\u00e7 \u0130leti\u015fim Toplant\u0131s\u0131, bu y\u0131l \u201cgelece\u011fi birlikte \u015fekillendirme\u201d temas\u0131yla ger\u00e7ekle\u015ftirildi. Acapulco Resort Convention SPA Hotel\u2019de d\u00fczenlenen etkinlikte \u00e7al\u0131\u015fanlar, \u015firketin stratejik \u00f6ncelikleri, b\u00fcy\u00fcme alanlar\u0131 ve gelecek d\u00f6nem yol haritas\u0131 hakk\u0131nda kapsaml\u0131 bilgi alma f\u0131rsat\u0131 buldu.<\/p>\n\n\n\n<p class=\"wp-block-paragraph\"><br>Toplant\u0131da 2026 y\u0131l\u0131na y\u00f6nelik fonksiyonel ve finansal hedefler payla\u015f\u0131l\u0131rken, y\u0131l\u0131n ilk alt\u0131 ay\u0131na ili\u015fkin sonu\u00e7lar ve y\u0131l sonu \u00f6ng\u00f6r\u00fcleri de de\u011ferlendirildi. Fiber altyap\u0131 yat\u0131r\u0131mlar\u0131, 5G haz\u0131rl\u0131klar\u0131, teknik operasyonlar, kurumsal sat\u0131\u015f ve veri analiti\u011fi alanlar\u0131nda planlanan \u00e7al\u0131\u015fmalar \u00e7al\u0131\u015fanlarla detayl\u0131 \u015fekilde ele al\u0131nd\u0131. Kuzey K\u0131br\u0131s Turkcell\u2019in dijitalle\u015fme ve teknoloji odakl\u0131 b\u00fcy\u00fcme stratejileri kapsam\u0131nda \u00f6n\u00fcm\u00fczdeki d\u00f6nemde hayata ge\u00e7irilecek projeler de kat\u0131l\u0131mc\u0131larla payla\u015f\u0131ld\u0131.<\/p>\n\n\n\n<p class=\"wp-block-paragraph\"><br>Murat K\u00fc\u00e7\u00fck\u00f6zdemir: \u201cGelece\u011fi birlikte in\u015fa ediyoruz\u201d<br><\/p>\n\n\n\n<p class=\"wp-block-paragraph\">Etkinlikte konu\u015fma ger\u00e7ekle\u015ftiren Kuzey K\u0131br\u0131s Turkcell Genel M\u00fcd\u00fcr\u00fc Murat K\u00fc\u00e7\u00fck\u00f6zdemir, \u015firketin  ba\u015far\u0131 yolculu\u011funun temelinde g\u00fc\u00e7l\u00fc ekip ruhunun bulundu\u011funu vurgulad\u0131.<br>K\u00fc\u00e7\u00fck\u00f6zdemir konu\u015fmas\u0131nda \u015fu ifadelere yer verdi:<br><\/p>\n\n\n\n<p class=\"wp-block-paragraph\">\u201cKuzey K\u0131br\u0131s Turkcell olarak teknolojik d\u00f6n\u00fc\u015f\u00fcm yolculu\u011fumuzu s\u00fcrd\u00fcr\u00fcrken, en b\u00fcy\u00fck g\u00fcc\u00fcm\u00fcz\u00fcn \u00e7al\u0131\u015fanlar\u0131m\u0131z oldu\u011funa inan\u0131yoruz. Ayn\u0131 hedefe odaklanan ekipler daha g\u00fc\u00e7l\u00fc sonu\u00e7lar \u00fcretir. Fiber ve 5G oda\u011f\u0131ndaki yat\u0131r\u0131mlar\u0131m\u0131zla gelece\u011fin ileti\u015fim altyap\u0131s\u0131n\u0131 haz\u0131rlarken, kurum k\u00fclt\u00fcr\u00fcm\u00fcz\u00fc ve \u00e7al\u0131\u015fma deneyimimizi de s\u00fcrekli geli\u015ftiriyoruz. \u00c7\u00fcnk\u00fc s\u00fcrd\u00fcr\u00fclebilir ba\u015far\u0131n\u0131n yaln\u0131zca teknolojik d\u00f6n\u00fc\u015f\u00fcmle de\u011fil, k\u00fclt\u00fcrel d\u00f6n\u00fc\u015f\u00fcmle de m\u00fcmk\u00fcn oldu\u011funa inan\u0131yoruz. Gelece\u011fi birlikte \u015fekillendirmeye devam edece\u011fiz.\u201d<\/p>\n\n\n\n<p class=\"wp-block-paragraph\"><br>Teknolojik d\u00f6n\u00fc\u015f\u00fcm\u00fcn oda\u011f\u0131nda fiber ve 5G yer ald\u0131<br>Toplant\u0131da, Kuzey K\u0131br\u0131s\u2019\u0131n dijital d\u00f6n\u00fc\u015f\u00fcm\u00fcne katk\u0131 sa\u011flayacak projeler kapsaml\u0131 \u015fekilde<br>de\u011ferlendirildi. Fiber altyap\u0131n\u0131n yayg\u0131nla\u015ft\u0131r\u0131lmas\u0131, yeni nesil ileti\u015fim teknolojilerine haz\u0131rl\u0131k<br>\u00e7al\u0131\u015fmalar\u0131 ve veri odakl\u0131 i\u015f yap\u0131\u015f modelleri, \u015firketin stratejik \u00f6ncelikleri aras\u0131nda \u00f6ne \u00e7\u0131kt\u0131.<br>Kat\u0131l\u0131mc\u0131lar, farkl\u0131 i\u015f birimlerinin ger\u00e7ekle\u015ftirdi\u011fi sunumlarla \u015firketin b\u00fcy\u00fcme alanlar\u0131, m\u00fc\u015fteri deneyimi \u00e7al\u0131\u015fmalar\u0131 ve operasyonel hedefleri hakk\u0131nda bilgi ald\u0131. \u0130nteraktif oturumlar sayesinde \u00e7al\u0131\u015fanlar g\u00f6r\u00fc\u015f ve \u00f6nerilerini payla\u015fma f\u0131rsat\u0131 bulurken, farkl\u0131 ekipler aras\u0131nda bilgi al\u0131\u015fveri\u015fi de g\u00fc\u00e7lendirildi. <\/p>\n\n\n\n<p class=\"wp-block-paragraph\">Well-being yakla\u015f\u0131m\u0131 \u00e7al\u0131\u015fan deneyiminin merkezinde<br>Toplant\u0131n\u0131n \u00f6nemli ba\u015fl\u0131klar\u0131ndan biri de kurum k\u00fclt\u00fcr\u00fc ve \u00e7al\u0131\u015fan deneyimi oldu. Kuzey K\u0131br\u0131s Turkcell\u2019in \u00e7al\u0131\u015fan odakl\u0131 yakla\u015f\u0131m\u0131n\u0131n bir par\u00e7as\u0131 olan well-being \u00e7al\u0131\u015fmalar\u0131 kapsam\u0131nda ger\u00e7ekle\u015ftirilen oturumlarda, iyi olu\u015f halinin i\u015f ya\u015fam\u0131ndaki \u00f6nemi ele al\u0131nd\u0131.<br>G\u00fcn boyunca d\u00fczenlenen ilham veren konu\u015fmalar, geli\u015fim oturumlar\u0131 ve zihin detoksu \u00e7al\u0131\u015fmalar\u0131yla \u00e7al\u0131\u015fanlar\u0131n ki\u015fisel ve profesyonel geli\u015fim yolculuklar\u0131na katk\u0131 sa\u011fland\u0131. Workshop \u00e7al\u0131\u015fmalar\u0131 ve interaktif uygulamalar ise kat\u0131l\u0131mc\u0131lar\u0131n etkinli\u011fe aktif \u015fekilde dahil olmas\u0131na olanak tan\u0131d\u0131.<\/p>\n\n\n\n<p class=\"wp-block-paragraph\">Yakla\u015f\u0131k 200 \u00e7al\u0131\u015fan\u0131n kat\u0131l\u0131m\u0131yla ger\u00e7ekle\u015fen \u0130\u00e7 \u0130leti\u015fim Toplant\u0131s\u0131 2026, y\u00fcksek etkile\u015fim ve g\u00fc\u00e7l\u00fc ekip ruhuyla tamamlan\u0131rken, Kuzey K\u0131br\u0131s Turkcell\u2019in ortak hedefler do\u011frultusunda gelece\u011fe birlikte y\u00fcr\u00fcyen \u00e7al\u0131\u015fma k\u00fclt\u00fcr\u00fcn\u00fc bir kez daha ortaya koydu.<\/p>\n\n\n\n<p class=\"wp-block-paragraph\"><\/p>\n\n\n\n<p class=\"wp-block-paragraph\"><\/p>\n","protected":false},"excerpt":{"rendered":"<p>Kuzey K\u0131br\u0131s Turkcell, 10 Haziran\u2019da Acapulco Resort Convention SPA Hotel\u2019de d\u00fczenledi\u011fi \u0130\u00e7\u0130leti\u015fim Toplant\u0131s\u0131\u2019nda yakla\u015f\u0131k 200 \u00e7al\u0131\u015fan\u0131n\u0131 ortak hedefler, stratejik \u00f6ncelikler ve gelecek vizyonu etraf\u0131nda bulu\u015fturdu. G\u00fcn boyunca ger\u00e7ekle\u015ftirilen oturumlarda \u015firketin 2026 hedefleri, teknolojik d\u00f6n\u00fc\u015f\u00fcm projeleri, kurum k\u00fclt\u00fcr\u00fc ve \u00e7al\u0131\u015fan deneyimi odakl\u0131 \u00e7al\u0131\u015fmalar\u0131 payla\u015f\u0131ld\u0131. Kuzey K\u0131br\u0131s Turkcell\u2019in geleneksel \u0130\u00e7 \u0130leti\u015fim Toplant\u0131s\u0131, bu y\u0131l \u201cgelece\u011fi birlikte \u015fekillendirme\u201d [&hellip;]<\/p>\n","protected":false},"author":1,"featured_media":4644,"comment_status":"open","ping_status":"open","sticky":false,"template":"","format":"standard","meta":{"footnotes":""},"categories":[173,177],"tags":[],"class_list":["post-4643","post","type-post","status-publish","format-standard","has-post-thumbnail","hentry","category-business","category-tech"],"amp_enabled":true,"_links":{"self":[{"href":"https:\/\/dikdurus.com\/index.php\/wp-json\/wp\/v2\/posts\/4643","targetHints":{"allow":["GET"]}}],"collection":[{"href":"https:\/\/dikdurus.com\/index.php\/wp-json\/wp\/v2\/posts"}],"about":[{"href":"https:\/\/dikdurus.com\/index.php\/wp-json\/wp\/v2\/types\/post"}],"author":[{"embeddable":true,"href":"https:\/\/dikdurus.com\/index.php\/wp-json\/wp\/v2\/users\/1"}],"replies":[{"embeddable":true,"href":"https:\/\/dikdurus.com\/index.php\/wp-json\/wp\/v2\/comments?post=4643"}],"version-history":[{"count":1,"href":"https:\/\/dikdurus.com\/index.php\/wp-json\/wp\/v2\/posts\/4643\/revisions"}],"predecessor-version":[{"id":4645,"href":"https:\/\/dikdurus.com\/index.php\/wp-json\/wp\/v2\/posts\/4643\/revisions\/4645"}],"wp:featuredmedia":[{"embeddable":true,"href":"https:\/\/dikdurus.com\/index.php\/wp-json\/wp\/v2\/media\/4644"}],"wp:attachment":[{"href":"https:\/\/dikdurus.com\/index.php\/wp-json\/wp\/v2\/media?parent=4643"}],"wp:term":[{"taxonomy":"category","embeddable":true,"href":"https:\/\/dikdurus.com\/index.php\/wp-json\/wp\/v2\/categories?post=4643"},{"taxonomy":"post_tag","embeddable":true,"href":"https:\/\/dikdurus.com\/index.php\/wp-json\/wp\/v2\/tags?post=4643"}],"curies":[{"name":"wp","href":"https:\/\/api.w.org\/{rel}","templated":true}]}}