{"id":4677,"date":"2026-07-04T14:29:24","date_gmt":"2026-07-04T14:29:24","guid":{"rendered":"https:\/\/dikdurus.com\/?p=4677"},"modified":"2026-07-04T14:29:24","modified_gmt":"2026-07-04T14:29:24","slug":"leyen-ve-costa-neden-sessiz-zilevice-skandalinda-abnin-iki-yuzlulugu","status":"publish","type":"post","link":"https:\/\/dikdurus.com\/index.php\/2026\/07\/04\/leyen-ve-costa-neden-sessiz-zilevice-skandalinda-abnin-iki-yuzlulugu\/","title":{"rendered":"Leyen ve Costa neden sessiz? Zilevice skandal\u0131nda AB&#8217;nin iki y\u00fczl\u00fcl\u00fc\u011f\u00fc"},"content":{"rendered":"\n<p class=\"wp-block-paragraph\"><strong>Litvanya vatanda\u015f\u0131 Rasa Zilevice<\/strong>, Kuzey K\u0131br\u0131s\u2019ta emlak sekt\u00f6r\u00fcyle u\u011fra\u015ft\u0131\u011f\u0131 i\u00e7in <strong>Fransa\u2019da tutukland<\/strong>\u0131. Daha \u00f6nce \u0130ranl\u0131 bir i\u015f insan\u0131n\u0131 Rum makamlar\u0131na iade etmeyen Fransa, bu kez Zilevice i\u00e7in iade karar\u0131 ald\u0131. Konu \u015fu anda \u00fcst mahkemede.<\/p>\n\n\n\n<p class=\"wp-block-paragraph\"><\/p>\n\n\n\n<figure class=\"wp-block-embed is-type-rich is-provider-x wp-block-embed-x\"><div class=\"wp-block-embed__wrapper\">\n<blockquote class=\"twitter-tweet\" data-width=\"550\" data-dnt=\"true\"><p lang=\"zxx\" dir=\"ltr\"><a href=\"https:\/\/t.co\/ZbTSsIHvId\">https:\/\/t.co\/ZbTSsIHvId<\/a><\/p>&mdash; Dr. Sefa Karahasan (@sefakarahasan) <a href=\"https:\/\/x.com\/sefakarahasan\/status\/2073403920706060600?ref_src=twsrc%5Etfw\">July 4, 2026<\/a><\/blockquote><script async src=\"https:\/\/platform.x.com\/widgets.js\" charset=\"utf-8\"><\/script>\n<\/div><\/figure>\n","protected":false},"excerpt":{"rendered":"<p>Litvanya vatanda\u015f\u0131 Rasa Zilevice, Kuzey K\u0131br\u0131s\u2019ta emlak sekt\u00f6r\u00fcyle u\u011fra\u015ft\u0131\u011f\u0131 i\u00e7in Fransa\u2019da tutukland\u0131. Daha \u00f6nce \u0130ranl\u0131 bir i\u015f insan\u0131n\u0131 Rum makamlar\u0131na iade etmeyen Fransa, bu kez Zilevice i\u00e7in iade karar\u0131 ald\u0131. Konu \u015fu anda \u00fcst mahkemede.<\/p>\n","protected":false},"author":1,"featured_media":4678,"comment_status":"open","ping_status":"open","sticky":false,"template":"","format":"standard","meta":{"footnotes":""},"categories":[5,2,3],"tags":[179],"class_list":["post-4677","post","type-post","status-publish","format-standard","has-post-thumbnail","hentry","category-gundem","category-guney-kibris","category-kibris-sorunu","tag-manset"],"amp_enabled":true,"_links":{"self":[{"href":"https:\/\/dikdurus.com\/index.php\/wp-json\/wp\/v2\/posts\/4677","targetHints":{"allow":["GET"]}}],"collection":[{"href":"https:\/\/dikdurus.com\/index.php\/wp-json\/wp\/v2\/posts"}],"about":[{"href":"https:\/\/dikdurus.com\/index.php\/wp-json\/wp\/v2\/types\/post"}],"author":[{"embeddable":true,"href":"https:\/\/dikdurus.com\/index.php\/wp-json\/wp\/v2\/users\/1"}],"replies":[{"embeddable":true,"href":"https:\/\/dikdurus.com\/index.php\/wp-json\/wp\/v2\/comments?post=4677"}],"version-history":[{"count":1,"href":"https:\/\/dikdurus.com\/index.php\/wp-json\/wp\/v2\/posts\/4677\/revisions"}],"predecessor-version":[{"id":4679,"href":"https:\/\/dikdurus.com\/index.php\/wp-json\/wp\/v2\/posts\/4677\/revisions\/4679"}],"wp:featuredmedia":[{"embeddable":true,"href":"https:\/\/dikdurus.com\/index.php\/wp-json\/wp\/v2\/media\/4678"}],"wp:attachment":[{"href":"https:\/\/dikdurus.com\/index.php\/wp-json\/wp\/v2\/media?parent=4677"}],"wp:term":[{"taxonomy":"category","embeddable":true,"href":"https:\/\/dikdurus.com\/index.php\/wp-json\/wp\/v2\/categories?post=4677"},{"taxonomy":"post_tag","embeddable":true,"href":"https:\/\/dikdurus.com\/index.php\/wp-json\/wp\/v2\/tags?post=4677"}],"curies":[{"name":"wp","href":"https:\/\/api.w.org\/{rel}","templated":true}]}}