{"id":4746,"date":"2026-07-18T11:35:21","date_gmt":"2026-07-18T11:35:21","guid":{"rendered":"https:\/\/dikdurus.com\/?p=4746"},"modified":"2026-07-18T11:35:27","modified_gmt":"2026-07-18T11:35:27","slug":"kibris-sorunu-cozulurse-turkiye-stratejik-ortak-olur","status":"publish","type":"post","link":"https:\/\/dikdurus.com\/index.php\/2026\/07\/18\/kibris-sorunu-cozulurse-turkiye-stratejik-ortak-olur\/","title":{"rendered":"K\u0131br\u0131s sorunu \u00e7\u00f6z\u00fcl\u00fcrse T\u00fcrkiye stratejik ortak olur"},"content":{"rendered":"\n<p class=\"wp-block-paragraph\"><\/p>\n\n\n\n<p class=\"wp-block-paragraph\">Rum iktidar orta\u011f\u0131 ve Demokrat Parti Ba\u015fkan\u0131 <a href=\"https:\/\/x.com\/NicholasPapadop\">@NicholasPapadop<\/a>, K\u0131br\u0131s sorunun \u00e7\u00f6z\u00fclmesi durumunda kar\u015f\u0131l\u0131kl\u0131 bir \u00e7ok kazan\u0131mlar\u0131n olaca\u011f\u0131na i\u015faret ederek, <strong>\u2018\u2019K\u0131br\u0131s Sorunu \u00e7\u00f6z\u00fcl\u00fcrse, K\u0131br\u0131s AB korumas\u0131 ve Avrupa g\u00fcvenceleri alt\u0131nda t\u00fcm vatanda\u015flar\u0131 i\u00e7in bar\u0131\u015f\u00e7\u0131l bir vatan olabilir ve ayn\u0131 zamanda AB i\u00e7inde T\u00fcrkiye i\u00e7in de\u011ferli bir stratejik ortak olabilir\u2019\u2019<\/strong> dedi.<\/p>\n\n\n\n<figure class=\"wp-block-embed is-type-rich is-provider-x wp-block-embed-x\"><div class=\"wp-block-embed__wrapper\">\nhttps:\/\/twitter.com\/sefakarahasan\/status\/2078439307518316587?s=20\n<\/div><\/figure>\n\n\n\n<p class=\"wp-block-paragraph\"><\/p>\n","protected":false},"excerpt":{"rendered":"<p>Rum iktidar orta\u011f\u0131 ve Demokrat Parti Ba\u015fkan\u0131 @NicholasPapadop, K\u0131br\u0131s sorunun \u00e7\u00f6z\u00fclmesi durumunda kar\u015f\u0131l\u0131kl\u0131 bir \u00e7ok kazan\u0131mlar\u0131n olaca\u011f\u0131na i\u015faret ederek, \u2018\u2019K\u0131br\u0131s Sorunu \u00e7\u00f6z\u00fcl\u00fcrse, K\u0131br\u0131s AB korumas\u0131 ve Avrupa g\u00fcvenceleri alt\u0131nda t\u00fcm vatanda\u015flar\u0131 i\u00e7in bar\u0131\u015f\u00e7\u0131l bir vatan olabilir ve ayn\u0131 zamanda AB i\u00e7inde T\u00fcrkiye i\u00e7in de\u011ferli bir stratejik ortak olabilir\u2019\u2019 dedi.<\/p>\n","protected":false},"author":1,"featured_media":4747,"comment_status":"open","ping_status":"open","sticky":false,"template":"","format":"standard","meta":{"footnotes":""},"categories":[5,2,3],"tags":[179],"class_list":["post-4746","post","type-post","status-publish","format-standard","has-post-thumbnail","hentry","category-gundem","category-guney-kibris","category-kibris-sorunu","tag-manset"],"amp_enabled":true,"_links":{"self":[{"href":"https:\/\/dikdurus.com\/index.php\/wp-json\/wp\/v2\/posts\/4746","targetHints":{"allow":["GET"]}}],"collection":[{"href":"https:\/\/dikdurus.com\/index.php\/wp-json\/wp\/v2\/posts"}],"about":[{"href":"https:\/\/dikdurus.com\/index.php\/wp-json\/wp\/v2\/types\/post"}],"author":[{"embeddable":true,"href":"https:\/\/dikdurus.com\/index.php\/wp-json\/wp\/v2\/users\/1"}],"replies":[{"embeddable":true,"href":"https:\/\/dikdurus.com\/index.php\/wp-json\/wp\/v2\/comments?post=4746"}],"version-history":[{"count":1,"href":"https:\/\/dikdurus.com\/index.php\/wp-json\/wp\/v2\/posts\/4746\/revisions"}],"predecessor-version":[{"id":4748,"href":"https:\/\/dikdurus.com\/index.php\/wp-json\/wp\/v2\/posts\/4746\/revisions\/4748"}],"wp:featuredmedia":[{"embeddable":true,"href":"https:\/\/dikdurus.com\/index.php\/wp-json\/wp\/v2\/media\/4747"}],"wp:attachment":[{"href":"https:\/\/dikdurus.com\/index.php\/wp-json\/wp\/v2\/media?parent=4746"}],"wp:term":[{"taxonomy":"category","embeddable":true,"href":"https:\/\/dikdurus.com\/index.php\/wp-json\/wp\/v2\/categories?post=4746"},{"taxonomy":"post_tag","embeddable":true,"href":"https:\/\/dikdurus.com\/index.php\/wp-json\/wp\/v2\/tags?post=4746"}],"curies":[{"name":"wp","href":"https:\/\/api.w.org\/{rel}","templated":true}]}}