{"id":4753,"date":"2026-07-20T15:22:44","date_gmt":"2026-07-20T15:22:44","guid":{"rendered":"https:\/\/dikdurus.com\/?p=4753"},"modified":"2026-07-20T15:22:44","modified_gmt":"2026-07-20T15:22:44","slug":"yunan-vekilden-skandal-paylasim","status":"publish","type":"post","link":"https:\/\/dikdurus.com\/index.php\/2026\/07\/20\/yunan-vekilden-skandal-paylasim\/","title":{"rendered":"Yunan vekilden skandal payla\u015f\u0131m"},"content":{"rendered":"\n<p class=\"wp-block-paragraph\"><\/p>\n\n\n\n<p class=\"wp-block-paragraph\">Yunanistan&#8217;\u0131n \u0131rk\u00e7\u0131 Avrupa Parlementosu Milletvekili Afroditi Latinopoulou, Rumlar taraf\u0131ndan katledilen \u00e7ocuklar\u0131n foto\u011fraflar\u0131n\u0131, \u2018\u2019T\u00fcrkler Rumlar\u0131 katletti\u2019\u2019 diye payla\u015ft\u0131.<\/p>\n\n\n\n<figure class=\"wp-block-embed is-type-rich is-provider-x wp-block-embed-x\"><div class=\"wp-block-embed__wrapper\">\n<blockquote class=\"twitter-tweet\" data-width=\"550\" data-dnt=\"true\"><p lang=\"tr\" dir=\"ltr\">\ud83d\udccdYunanistan&#39;\u0131n \u0131rk\u00e7\u0131 Avrupa Parlementosu Milletvekili Afroditi Latinopoulou, Rumlar taraf\u0131ndan katledilen \u00e7ocuklar\u0131n foto\u011fraflar\u0131n\u0131, \u2018\u2019T\u00fcrkler Rumlar\u0131 katletti\u2019\u2019 diye payla\u015ft\u0131.<br><br>Latinopoulou, K\u0131br\u0131s\u2019ta ter\u00f6r \u00f6rg\u00fct\u00fc EOKA taraf\u0131ndan \u2018Kanl\u0131 Noel\u2019de Binba\u015f\u0131 Nihat \u0130lhan\u2019\u0131n k\u00fcvette\u2026 <a href=\"https:\/\/t.co\/d6isEDicYh\">https:\/\/t.co\/d6isEDicYh<\/a> <a href=\"https:\/\/t.co\/MI4UNOIgGk\">pic.twitter.com\/MI4UNOIgGk<\/a><\/p>&mdash; Dr. Sefa Karahasan (@sefakarahasan) <a href=\"https:\/\/x.com\/sefakarahasan\/status\/2079223754383675441?ref_src=twsrc%5Etfw\">July 20, 2026<\/a><\/blockquote><script async src=\"https:\/\/platform.x.com\/widgets.js\" charset=\"utf-8\"><\/script>\n<\/div><\/figure>\n","protected":false},"excerpt":{"rendered":"<p>Yunanistan&#8217;\u0131n \u0131rk\u00e7\u0131 Avrupa Parlementosu Milletvekili Afroditi Latinopoulou, Rumlar taraf\u0131ndan katledilen \u00e7ocuklar\u0131n foto\u011fraflar\u0131n\u0131, \u2018\u2019T\u00fcrkler Rumlar\u0131 katletti\u2019\u2019 diye payla\u015ft\u0131.<\/p>\n","protected":false},"author":1,"featured_media":4754,"comment_status":"open","ping_status":"open","sticky":false,"template":"","format":"standard","meta":{"footnotes":""},"categories":[5,2,3,176],"tags":[179],"class_list":["post-4753","post","type-post","status-publish","format-standard","has-post-thumbnail","hentry","category-gundem","category-guney-kibris","category-kibris-sorunu","category-politics","tag-manset"],"amp_enabled":true,"_links":{"self":[{"href":"https:\/\/dikdurus.com\/index.php\/wp-json\/wp\/v2\/posts\/4753","targetHints":{"allow":["GET"]}}],"collection":[{"href":"https:\/\/dikdurus.com\/index.php\/wp-json\/wp\/v2\/posts"}],"about":[{"href":"https:\/\/dikdurus.com\/index.php\/wp-json\/wp\/v2\/types\/post"}],"author":[{"embeddable":true,"href":"https:\/\/dikdurus.com\/index.php\/wp-json\/wp\/v2\/users\/1"}],"replies":[{"embeddable":true,"href":"https:\/\/dikdurus.com\/index.php\/wp-json\/wp\/v2\/comments?post=4753"}],"version-history":[{"count":1,"href":"https:\/\/dikdurus.com\/index.php\/wp-json\/wp\/v2\/posts\/4753\/revisions"}],"predecessor-version":[{"id":4755,"href":"https:\/\/dikdurus.com\/index.php\/wp-json\/wp\/v2\/posts\/4753\/revisions\/4755"}],"wp:featuredmedia":[{"embeddable":true,"href":"https:\/\/dikdurus.com\/index.php\/wp-json\/wp\/v2\/media\/4754"}],"wp:attachment":[{"href":"https:\/\/dikdurus.com\/index.php\/wp-json\/wp\/v2\/media?parent=4753"}],"wp:term":[{"taxonomy":"category","embeddable":true,"href":"https:\/\/dikdurus.com\/index.php\/wp-json\/wp\/v2\/categories?post=4753"},{"taxonomy":"post_tag","embeddable":true,"href":"https:\/\/dikdurus.com\/index.php\/wp-json\/wp\/v2\/tags?post=4753"}],"curies":[{"name":"wp","href":"https:\/\/api.w.org\/{rel}","templated":true}]}}