{"id":4759,"date":"2026-07-22T09:37:49","date_gmt":"2026-07-22T09:37:49","guid":{"rendered":"https:\/\/dikdurus.com\/?p=4759"},"modified":"2026-07-22T09:37:50","modified_gmt":"2026-07-22T09:37:50","slug":"cevdet-yilmazin-sozlerini-hafife-almak-stratejik-hata-olur","status":"publish","type":"post","link":"https:\/\/dikdurus.com\/index.php\/2026\/07\/22\/cevdet-yilmazin-sozlerini-hafife-almak-stratejik-hata-olur\/","title":{"rendered":"Cevdet Y\u0131lmaz\u2019\u0131n s\u00f6zlerini hafife almak stratejik hata olur!"},"content":{"rendered":"\n<p class=\"wp-block-paragraph\"><strong>\u201cK\u0131br\u0131s hi\u00e7bir zaman bir Rum adas\u0131 olmayacakt\u0131r. Be\u015fparmak Da\u011flar\u0131\u2019n\u0131 \u015fereflendiren \u015fanl\u0131 bayra\u011f\u0131m\u0131z\u0131 ilelebet g\u00f6rmeye devam edeceklerdir.\u201d<\/strong><\/p>\n\n\n\n<p class=\"wp-block-paragraph\">Bu s\u00f6zler, Cumhurba\u015fkan\u0131 Yard\u0131mc\u0131s\u0131 Cevdet Y\u0131lmaz\u2019a aittir ve 20 Temmuz Bar\u0131\u015f ve \u00d6zg\u00fcrl\u00fck Bayram\u0131\u2019nda T\u00fcrkiye\u2019nin Ada\u2019ya ve t\u00fcm d\u00fcnyaya verdi\u011fi<strong> en g\u00fc\u00e7l\u00fc, en net ve en kararl\u0131 mesajlardan biridir.<\/strong><\/p>\n\n\n\n<p class=\"wp-block-paragraph\"><\/p>\n\n\n\n<figure class=\"wp-block-embed is-type-rich is-provider-x wp-block-embed-x\"><div class=\"wp-block-embed__wrapper\">\n<blockquote class=\"twitter-tweet\" data-width=\"550\" data-dnt=\"true\"><p lang=\"zxx\" dir=\"ltr\"><a href=\"https:\/\/t.co\/b1XsS3KdfF\">https:\/\/t.co\/b1XsS3KdfF<\/a><\/p>&mdash; Dr. Sefa Karahasan (@sefakarahasan) <a href=\"https:\/\/x.com\/sefakarahasan\/status\/2079547243065970742?ref_src=twsrc%5Etfw\">July 21, 2026<\/a><\/blockquote><script async src=\"https:\/\/platform.x.com\/widgets.js\" charset=\"utf-8\"><\/script>\n<\/div><\/figure>\n","protected":false},"excerpt":{"rendered":"<p>\u201cK\u0131br\u0131s hi\u00e7bir zaman bir Rum adas\u0131 olmayacakt\u0131r. Be\u015fparmak Da\u011flar\u0131\u2019n\u0131 \u015fereflendiren \u015fanl\u0131 bayra\u011f\u0131m\u0131z\u0131 ilelebet g\u00f6rmeye devam edeceklerdir.\u201d Bu s\u00f6zler, Cumhurba\u015fkan\u0131 Yard\u0131mc\u0131s\u0131 Cevdet Y\u0131lmaz\u2019a aittir ve 20 Temmuz Bar\u0131\u015f ve \u00d6zg\u00fcrl\u00fck Bayram\u0131\u2019nda T\u00fcrkiye\u2019nin Ada\u2019ya ve t\u00fcm d\u00fcnyaya verdi\u011fi en g\u00fc\u00e7l\u00fc, en net ve en kararl\u0131 mesajlardan biridir.<\/p>\n","protected":false},"author":1,"featured_media":4760,"comment_status":"open","ping_status":"open","sticky":false,"template":"","format":"standard","meta":{"footnotes":""},"categories":[5,2,3],"tags":[179],"class_list":["post-4759","post","type-post","status-publish","format-standard","has-post-thumbnail","hentry","category-gundem","category-guney-kibris","category-kibris-sorunu","tag-manset"],"amp_enabled":true,"_links":{"self":[{"href":"https:\/\/dikdurus.com\/index.php\/wp-json\/wp\/v2\/posts\/4759","targetHints":{"allow":["GET"]}}],"collection":[{"href":"https:\/\/dikdurus.com\/index.php\/wp-json\/wp\/v2\/posts"}],"about":[{"href":"https:\/\/dikdurus.com\/index.php\/wp-json\/wp\/v2\/types\/post"}],"author":[{"embeddable":true,"href":"https:\/\/dikdurus.com\/index.php\/wp-json\/wp\/v2\/users\/1"}],"replies":[{"embeddable":true,"href":"https:\/\/dikdurus.com\/index.php\/wp-json\/wp\/v2\/comments?post=4759"}],"version-history":[{"count":1,"href":"https:\/\/dikdurus.com\/index.php\/wp-json\/wp\/v2\/posts\/4759\/revisions"}],"predecessor-version":[{"id":4761,"href":"https:\/\/dikdurus.com\/index.php\/wp-json\/wp\/v2\/posts\/4759\/revisions\/4761"}],"wp:featuredmedia":[{"embeddable":true,"href":"https:\/\/dikdurus.com\/index.php\/wp-json\/wp\/v2\/media\/4760"}],"wp:attachment":[{"href":"https:\/\/dikdurus.com\/index.php\/wp-json\/wp\/v2\/media?parent=4759"}],"wp:term":[{"taxonomy":"category","embeddable":true,"href":"https:\/\/dikdurus.com\/index.php\/wp-json\/wp\/v2\/categories?post=4759"},{"taxonomy":"post_tag","embeddable":true,"href":"https:\/\/dikdurus.com\/index.php\/wp-json\/wp\/v2\/tags?post=4759"}],"curies":[{"name":"wp","href":"https:\/\/api.w.org\/{rel}","templated":true}]}}