{"id":4776,"date":"2026-07-27T18:28:24","date_gmt":"2026-07-27T18:28:24","guid":{"rendered":"https:\/\/dikdurus.com\/?p=4776"},"modified":"2026-07-27T18:28:24","modified_gmt":"2026-07-27T18:28:24","slug":"savunma-bakani-vasilis-palmas-tutuklanmali","status":"publish","type":"post","link":"https:\/\/dikdurus.com\/index.php\/2026\/07\/27\/savunma-bakani-vasilis-palmas-tutuklanmali\/","title":{"rendered":"Savunma Bakan\u0131 Vasilis Palmas tutuklanmal\u0131"},"content":{"rendered":"\n<p class=\"wp-block-paragraph\"><\/p>\n\n\n\n<p class=\"wp-block-paragraph\">G\u00fcney K\u0131br\u0131s\u2019ta Rum Milli Muhaf\u0131z Ordusu\u2019na ba\u011fl\u0131 bir taburun acemi askerlerinin f\u00fcze imhas\u0131 s\u0131ras\u0131nda meydana gelen patlamalar, Larnaka yak\u0131nlar\u0131ndaki iki k\u00f6yde yang\u0131na yol a\u00e7t\u0131; Agia Anna ve Pseudas k\u00f6yleri bo\u015falt\u0131ld\u0131.<\/p>\n\n\n\n<figure class=\"wp-block-embed is-type-rich is-provider-x wp-block-embed-x\"><div class=\"wp-block-embed__wrapper\">\n<blockquote class=\"twitter-tweet\" data-width=\"550\" data-dnt=\"true\"><p lang=\"tr\" dir=\"ltr\">\ud83d\udccdG\u00fcney K\u0131br\u0131s\u2019ta Rum Milli Muhaf\u0131z Ordusu\u2019na ba\u011fl\u0131 bir taburun acemi askerlerinin f\u00fcze imhas\u0131 s\u0131ras\u0131nda meydana gelen patlamalar, Larnaka yak\u0131nlar\u0131ndaki iki k\u00f6yde yang\u0131na yol a\u00e7t\u0131; Agia Anna ve Pseudas k\u00f6yleri bo\u015falt\u0131ld\u0131.<br><br>Yang\u0131n\u0131n \u00e7\u0131kt\u0131\u011f\u0131 Agia Anna k\u00f6y\u00fcn\u00fcn muhtar\u0131 Anastasis\u2026 <a href=\"https:\/\/t.co\/eFSBifDTmB\">pic.twitter.com\/eFSBifDTmB<\/a><\/p>&mdash; Dr. Sefa Karahasan (@sefakarahasan) <a href=\"https:\/\/x.com\/sefakarahasan\/status\/2081802285714141342?ref_src=twsrc%5Etfw\">July 27, 2026<\/a><\/blockquote><script async src=\"https:\/\/platform.x.com\/widgets.js\" charset=\"utf-8\"><\/script>\n<\/div><\/figure>\n","protected":false},"excerpt":{"rendered":"<p>G\u00fcney K\u0131br\u0131s\u2019ta Rum Milli Muhaf\u0131z Ordusu\u2019na ba\u011fl\u0131 bir taburun acemi askerlerinin f\u00fcze imhas\u0131 s\u0131ras\u0131nda meydana gelen patlamalar, Larnaka yak\u0131nlar\u0131ndaki iki k\u00f6yde yang\u0131na yol a\u00e7t\u0131; Agia Anna ve Pseudas k\u00f6yleri bo\u015falt\u0131ld\u0131.<\/p>\n","protected":false},"author":1,"featured_media":4777,"comment_status":"open","ping_status":"open","sticky":false,"template":"","format":"standard","meta":{"footnotes":""},"categories":[5,2],"tags":[],"class_list":["post-4776","post","type-post","status-publish","format-standard","has-post-thumbnail","hentry","category-gundem","category-guney-kibris"],"amp_enabled":true,"_links":{"self":[{"href":"https:\/\/dikdurus.com\/index.php\/wp-json\/wp\/v2\/posts\/4776","targetHints":{"allow":["GET"]}}],"collection":[{"href":"https:\/\/dikdurus.com\/index.php\/wp-json\/wp\/v2\/posts"}],"about":[{"href":"https:\/\/dikdurus.com\/index.php\/wp-json\/wp\/v2\/types\/post"}],"author":[{"embeddable":true,"href":"https:\/\/dikdurus.com\/index.php\/wp-json\/wp\/v2\/users\/1"}],"replies":[{"embeddable":true,"href":"https:\/\/dikdurus.com\/index.php\/wp-json\/wp\/v2\/comments?post=4776"}],"version-history":[{"count":1,"href":"https:\/\/dikdurus.com\/index.php\/wp-json\/wp\/v2\/posts\/4776\/revisions"}],"predecessor-version":[{"id":4778,"href":"https:\/\/dikdurus.com\/index.php\/wp-json\/wp\/v2\/posts\/4776\/revisions\/4778"}],"wp:featuredmedia":[{"embeddable":true,"href":"https:\/\/dikdurus.com\/index.php\/wp-json\/wp\/v2\/media\/4777"}],"wp:attachment":[{"href":"https:\/\/dikdurus.com\/index.php\/wp-json\/wp\/v2\/media?parent=4776"}],"wp:term":[{"taxonomy":"category","embeddable":true,"href":"https:\/\/dikdurus.com\/index.php\/wp-json\/wp\/v2\/categories?post=4776"},{"taxonomy":"post_tag","embeddable":true,"href":"https:\/\/dikdurus.com\/index.php\/wp-json\/wp\/v2\/tags?post=4776"}],"curies":[{"name":"wp","href":"https:\/\/api.w.org\/{rel}","templated":true}]}}