{"id":4824,"date":"2026-08-09T18:00:22","date_gmt":"2026-08-09T18:00:22","guid":{"rendered":"https:\/\/dikdurus.com\/?p=4824"},"modified":"2026-08-09T18:00:22","modified_gmt":"2026-08-09T18:00:22","slug":"rum-lider-gecis-surecini-de-reddetti","status":"publish","type":"post","link":"https:\/\/dikdurus.com\/index.php\/2026\/08\/09\/rum-lider-gecis-surecini-de-reddetti\/","title":{"rendered":"Rum lider ge\u00e7i\u015f\u00a0s\u00fcrecini de reddetti"},"content":{"rendered":"\n<p class=\"wp-block-paragraph\"><\/p>\n\n\n\n<p class=\"wp-block-paragraph\">K\u0131br\u0131s Rum y\u00f6netimi Ba\u015fkan\u0131 Nikos Christodoulides, Birle\u015fmi\u015f Milletler Genel Sekreteri Antonio Guterres ve KKTC Cumhurba\u015fkan\u0131 Tufan Erh\u00fcrman ile yap\u0131lan g\u00f6r\u00fc\u015fmede bir\u00e7ok konuyu <strong>\u201cUlusal Konsey kabul etmedi\u201d<\/strong> gerek\u00e7esiyle reddetti.<\/p>\n\n\n\n<figure class=\"wp-block-embed is-type-rich is-provider-x wp-block-embed-x\"><div class=\"wp-block-embed__wrapper\">\n<blockquote class=\"twitter-tweet\" data-width=\"550\" data-dnt=\"true\"><p lang=\"tr\" dir=\"ltr\">\ud83d\udccdK\u0131br\u0131s Rum y\u00f6netimi Ba\u015fkan\u0131 Nikos Christodoulides, Birle\u015fmi\u015f Milletler Genel Sekreteri Antonio Guterres ve KKTC Cumhurba\u015fkan\u0131 Tufan Erh\u00fcrman ile yap\u0131lan g\u00f6r\u00fc\u015fmede bir\u00e7ok konuyu \u201cUlusal Konsey kabul etmedi\u201d gerek\u00e7esiyle reddetti.<br><br>Edinilen bilgilere g\u00f6re bunlardan biri de\u2026 <a href=\"https:\/\/t.co\/O8pO9c103g\">pic.twitter.com\/O8pO9c103g<\/a><\/p>&mdash; Dr. Sefa Karahasan (@sefakarahasan) <a href=\"https:\/\/x.com\/sefakarahasan\/status\/2086510922902945937?ref_src=twsrc%5Etfw\">August 9, 2026<\/a><\/blockquote><script async src=\"https:\/\/platform.x.com\/widgets.js\" charset=\"utf-8\"><\/script>\n<\/div><\/figure>\n","protected":false},"excerpt":{"rendered":"<p>K\u0131br\u0131s Rum y\u00f6netimi Ba\u015fkan\u0131 Nikos Christodoulides, Birle\u015fmi\u015f Milletler Genel Sekreteri Antonio Guterres ve KKTC Cumhurba\u015fkan\u0131 Tufan Erh\u00fcrman ile yap\u0131lan g\u00f6r\u00fc\u015fmede bir\u00e7ok konuyu \u201cUlusal Konsey kabul etmedi\u201d gerek\u00e7esiyle reddetti.<\/p>\n","protected":false},"author":1,"featured_media":4825,"comment_status":"open","ping_status":"open","sticky":false,"template":"","format":"standard","meta":{"footnotes":""},"categories":[5,2,3],"tags":[179],"class_list":["post-4824","post","type-post","status-publish","format-standard","has-post-thumbnail","hentry","category-gundem","category-guney-kibris","category-kibris-sorunu","tag-manset"],"amp_enabled":true,"_links":{"self":[{"href":"https:\/\/dikdurus.com\/index.php\/wp-json\/wp\/v2\/posts\/4824","targetHints":{"allow":["GET"]}}],"collection":[{"href":"https:\/\/dikdurus.com\/index.php\/wp-json\/wp\/v2\/posts"}],"about":[{"href":"https:\/\/dikdurus.com\/index.php\/wp-json\/wp\/v2\/types\/post"}],"author":[{"embeddable":true,"href":"https:\/\/dikdurus.com\/index.php\/wp-json\/wp\/v2\/users\/1"}],"replies":[{"embeddable":true,"href":"https:\/\/dikdurus.com\/index.php\/wp-json\/wp\/v2\/comments?post=4824"}],"version-history":[{"count":1,"href":"https:\/\/dikdurus.com\/index.php\/wp-json\/wp\/v2\/posts\/4824\/revisions"}],"predecessor-version":[{"id":4826,"href":"https:\/\/dikdurus.com\/index.php\/wp-json\/wp\/v2\/posts\/4824\/revisions\/4826"}],"wp:featuredmedia":[{"embeddable":true,"href":"https:\/\/dikdurus.com\/index.php\/wp-json\/wp\/v2\/media\/4825"}],"wp:attachment":[{"href":"https:\/\/dikdurus.com\/index.php\/wp-json\/wp\/v2\/media?parent=4824"}],"wp:term":[{"taxonomy":"category","embeddable":true,"href":"https:\/\/dikdurus.com\/index.php\/wp-json\/wp\/v2\/categories?post=4824"},{"taxonomy":"post_tag","embeddable":true,"href":"https:\/\/dikdurus.com\/index.php\/wp-json\/wp\/v2\/tags?post=4824"}],"curies":[{"name":"wp","href":"https:\/\/api.w.org\/{rel}","templated":true}]}}