{"id":4849,"date":"2026-08-12T11:58:38","date_gmt":"2026-08-12T11:58:38","guid":{"rendered":"https:\/\/dikdurus.com\/?p=4849"},"modified":"2026-08-12T11:58:38","modified_gmt":"2026-08-12T11:58:38","slug":"erhurmandan-turkiye-aciklamasi-turkiye-cumhuriyeti-devleti-ile-bu-sureci-uyumlu-goturmemiz-gerekir","status":"publish","type":"post","link":"https:\/\/dikdurus.com\/index.php\/2026\/08\/12\/erhurmandan-turkiye-aciklamasi-turkiye-cumhuriyeti-devleti-ile-bu-sureci-uyumlu-goturmemiz-gerekir\/","title":{"rendered":"Erh\u00fcrman&#8217;dan T\u00fcrkiye a\u00e7\u0131klamas\u0131: T\u00fcrkiye Cumhuriyeti devleti ile bu s\u00fcreci uyumlu g\u00f6t\u00fcrmemiz gerekir"},"content":{"rendered":"\n<p class=\"wp-block-paragraph\"><\/p>\n\n\n\n<p class=\"wp-block-paragraph\">KKTC Cumhurba\u015fkan\u0131 Tufan Erh\u00fcrman, K\u0131br\u0131s sorununda T\u00fcrkiye ile uyum i\u00e7erisinde olmak zorunda olduklar\u0131n\u0131 kaydetti.<\/p>\n\n\n\n<figure class=\"wp-block-embed is-type-rich is-provider-x wp-block-embed-x\"><div class=\"wp-block-embed__wrapper\">\n<blockquote class=\"twitter-tweet\" data-width=\"550\" data-dnt=\"true\"><p lang=\"tr\" dir=\"ltr\">\ud83d\udccdKKTC Cumhurba\u015fkan\u0131 Tufan Erh\u00fcrman, K\u0131br\u0131s sorununda T\u00fcrkiye ile uyum i\u00e7erisinde olmak zorunda olduklar\u0131n\u0131 kaydetti. Erh\u00fcrman \u015f\u00f6yle devam etti:<br><br>T\u00fcrkiye Cumhuriyeti devleti ile bu s\u00fcreci uyumlu g\u00f6t\u00fcrmemiz gerekir.<br><br>K\u0131br\u0131s T\u00fcrk Halk\u0131, T\u00fcrkiye ile uyum i\u00e7erisinde \u00e7al\u0131\u015fmam\u0131\u2026 <a href=\"https:\/\/t.co\/6UJuEdZclB\">https:\/\/t.co\/6UJuEdZclB<\/a> <a href=\"https:\/\/t.co\/behmh5riG9\">pic.twitter.com\/behmh5riG9<\/a><\/p>&mdash; Dr. Sefa Karahasan (@sefakarahasan) <a href=\"https:\/\/x.com\/sefakarahasan\/status\/2087452816994447842?ref_src=twsrc%5Etfw\">August 12, 2026<\/a><\/blockquote><script async src=\"https:\/\/platform.x.com\/widgets.js\" charset=\"utf-8\"><\/script>\n<\/div><\/figure>\n","protected":false},"excerpt":{"rendered":"<p>KKTC Cumhurba\u015fkan\u0131 Tufan Erh\u00fcrman, K\u0131br\u0131s sorununda T\u00fcrkiye ile uyum i\u00e7erisinde olmak zorunda olduklar\u0131n\u0131 kaydetti.<\/p>\n","protected":false},"author":1,"featured_media":1227,"comment_status":"open","ping_status":"open","sticky":false,"template":"","format":"standard","meta":{"footnotes":""},"categories":[5,2,3],"tags":[179],"class_list":["post-4849","post","type-post","status-publish","format-standard","has-post-thumbnail","hentry","category-gundem","category-guney-kibris","category-kibris-sorunu","tag-manset"],"amp_enabled":true,"_links":{"self":[{"href":"https:\/\/dikdurus.com\/index.php\/wp-json\/wp\/v2\/posts\/4849","targetHints":{"allow":["GET"]}}],"collection":[{"href":"https:\/\/dikdurus.com\/index.php\/wp-json\/wp\/v2\/posts"}],"about":[{"href":"https:\/\/dikdurus.com\/index.php\/wp-json\/wp\/v2\/types\/post"}],"author":[{"embeddable":true,"href":"https:\/\/dikdurus.com\/index.php\/wp-json\/wp\/v2\/users\/1"}],"replies":[{"embeddable":true,"href":"https:\/\/dikdurus.com\/index.php\/wp-json\/wp\/v2\/comments?post=4849"}],"version-history":[{"count":1,"href":"https:\/\/dikdurus.com\/index.php\/wp-json\/wp\/v2\/posts\/4849\/revisions"}],"predecessor-version":[{"id":4850,"href":"https:\/\/dikdurus.com\/index.php\/wp-json\/wp\/v2\/posts\/4849\/revisions\/4850"}],"wp:featuredmedia":[{"embeddable":true,"href":"https:\/\/dikdurus.com\/index.php\/wp-json\/wp\/v2\/media\/1227"}],"wp:attachment":[{"href":"https:\/\/dikdurus.com\/index.php\/wp-json\/wp\/v2\/media?parent=4849"}],"wp:term":[{"taxonomy":"category","embeddable":true,"href":"https:\/\/dikdurus.com\/index.php\/wp-json\/wp\/v2\/categories?post=4849"},{"taxonomy":"post_tag","embeddable":true,"href":"https:\/\/dikdurus.com\/index.php\/wp-json\/wp\/v2\/tags?post=4849"}],"curies":[{"name":"wp","href":"https:\/\/api.w.org\/{rel}","templated":true}]}}