{"id":4856,"date":"2026-08-12T13:38:27","date_gmt":"2026-08-12T13:38:27","guid":{"rendered":"https:\/\/dikdurus.com\/?p=4856"},"modified":"2026-08-12T13:38:28","modified_gmt":"2026-08-12T13:38:28","slug":"kuzey-kibris-turkcell-5g-protokolunu-imzaladi-hizmet-15-kasim-2026da-baslayacak","status":"publish","type":"post","link":"https:\/\/dikdurus.com\/index.php\/2026\/08\/12\/kuzey-kibris-turkcell-5g-protokolunu-imzaladi-hizmet-15-kasim-2026da-baslayacak\/","title":{"rendered":"Kuzey K\u0131br\u0131s Turkcell, 5G protokol\u00fcn\u00fc imzalad\u0131: Hizmet 15 Kas\u0131m 2026\u2019da ba\u015flayacak"},"content":{"rendered":"\n<p class=\"wp-block-paragraph\"><\/p>\n\n\n\n<p class=\"wp-block-paragraph\"><strong>uzey K\u0131br\u0131s Turkcell ile Bilgi Teknolojileri ve Haberle\u015fme Kurumu (BTHK) aras\u0131nda, 5G hizmetinin devreye al\u0131nmas\u0131na y\u00f6nelik protokol imzaland\u0131. Kuzey K\u0131br\u0131s\u2019\u0131n dijital d\u00f6n\u00fc\u015f\u00fcm\u00fcnde yeni bir d\u00f6nemin kap\u0131s\u0131n\u0131 a\u00e7acak 5G hizmetinin, 15 Kas\u0131m 2026 tarihinde kullan\u0131ma sunulmas\u0131 planlan\u0131yor.<\/strong><\/p>\n\n\n\n<p class=\"wp-block-paragraph\">BTHK binas\u0131nda ger\u00e7ekle\u015ftirilen t\u00f6rende protokol, BTHK Y\u00f6netim Kurulu Ba\u015fkan\u0131 Do\u00e7. Dr. Kadri B\u00fcr\u00fcnc\u00fck ile Kuzey K\u0131br\u0131s Turkcell Genel M\u00fcd\u00fcr\u00fc Murat K\u00fc\u00e7\u00fck\u00f6zdemir taraf\u0131ndan imza alt\u0131na al\u0131nd\u0131.<\/p>\n\n\n\n<p class=\"wp-block-paragraph\">\u0130mza t\u00f6renine ev sahibi BTHK ad\u0131na Y\u00f6netim Kurulu Ba\u015fkan Yard\u0131mc\u0131s\u0131 Tayfun Ayd\u0131nl\u0131 ve Haberle\u015fme Uzman\u0131 Salih Mahan kat\u0131ld\u0131. Kuzey K\u0131br\u0131s Turkcell\u2019i ise Genel M\u00fcd\u00fcr Yard\u0131mc\u0131lar\u0131 Deniz Mungan Sonu\u00e7, Ali G\u00fcrler ve Emrah Do\u011fan, Marka \u0130leti\u015fimi M\u00fcd\u00fcr\u00fc \u00d6zlem Kavaz Soykan ile \u015firket uzmanlar\u0131 temsil etti.<\/p>\n\n\n\n<p class=\"wp-block-paragraph\">BTHK taraf\u0131ndan verilen izinler kapsam\u0131nda, mevcut frekanslara ilave edilecek yeni frekanslarla birlikte 5G hizmetinin 15 Kas\u0131m 2026 tarihinde devreye al\u0131nmas\u0131 \u00f6ng\u00f6r\u00fcl\u00fcyor.<\/p>\n\n\n\n<figure class=\"wp-block-image\"><img decoding=\"async\" src=\"https:\/\/haberkibris.com\/images2\/2026_08\/2026_08_12\/1S3A6857.jpg\" alt=\"\"\/><\/figure>\n\n\n\n<p class=\"wp-block-paragraph\">Yeni nesil mobil ileti\u015fim teknolojisi 5G ile kullan\u0131c\u0131lara daha y\u00fcksek internet h\u0131zlar\u0131, daha d\u00fc\u015f\u00fck gecikme s\u00fcreleri ve daha g\u00fc\u00e7l\u00fc bir ba\u011flant\u0131 deneyimi sunulmas\u0131 hedefleniyor. 5G\u2019nin bireysel kullan\u0131c\u0131lar\u0131n yan\u0131 s\u0131ra kamu kurumlar\u0131, i\u015fletmeler ve giri\u015fimcilik ekosistemi i\u00e7in yeni imk\u00e2nlar olu\u015fturmas\u0131; e\u011fitimden sa\u011fl\u0131\u011fa, turizmden \u00fcretime kadar bir\u00e7ok alandaki dijital d\u00f6n\u00fc\u015f\u00fcm\u00fc h\u0131zland\u0131rmas\u0131 bekleniyor.<\/p>\n\n\n\n<p class=\"wp-block-paragraph\">5G\u2019nin sa\u011flayaca\u011f\u0131 y\u00fcksek h\u0131z ve kapasite, mobil ileti\u015fimin yan\u0131 s\u0131ra ev interneti deneyimine de katk\u0131 sunacak. Kuzey K\u0131br\u0131s Turkcell, 5G destekli Superbox \u00e7\u00f6z\u00fcmleri arac\u0131l\u0131\u011f\u0131yla uygun kapsama ve \u015febeke ko\u015fullar\u0131ndaki evlere kablosuz ba\u011flant\u0131 \u00fczerinden fiber internet performans\u0131nda y\u00fcksek h\u0131z deneyimi ula\u015ft\u0131rmay\u0131 hedefliyor. B\u00f6ylece \u00f6zellikle sabit altyap\u0131ya eri\u015fimin s\u0131n\u0131rl\u0131 oldu\u011fu b\u00f6lgelerde, g\u00fc\u00e7l\u00fc ve y\u00fcksek h\u0131zl\u0131 ev interneti i\u00e7in yeni bir alternatif sunulacak.<\/p>\n\n\n\n<figure class=\"wp-block-image\"><img decoding=\"async\" src=\"https:\/\/haberkibris.com\/images2\/2026_08\/2026_08_12\/1S3A6897.png\" alt=\"\"\/><\/figure>\n\n\n\n<h2 class=\"wp-block-heading\"><strong>B\u00fcr\u00fcnc\u00fck: \u201c5G, dijital d\u00f6n\u00fc\u015f\u00fcm s\u00fcrecinin \u00f6nemli bir par\u00e7as\u0131\u201d<\/strong><\/h2>\n\n\n\n<p class=\"wp-block-paragraph\">BTHK Y\u00f6netim Kurulu Ba\u015fkan\u0131 Do\u00e7. Dr. Kadri B\u00fcr\u00fcnc\u00fck, protokol\u00fcn yeni nesil haberle\u015fme teknolojilerine ge\u00e7i\u015f a\u00e7\u0131s\u0131ndan \u00f6nemli bir a\u015fama oldu\u011funu belirterek \u015funlar\u0131 s\u00f6yledi:<\/p>\n\n\n\n<p class=\"wp-block-paragraph\">\u201c5G teknolojisinin KKTC\u2019de hayata ge\u00e7irilmesi, haberle\u015fme altyap\u0131m\u0131z\u0131n geli\u015fimi ve dijital d\u00f6n\u00fc\u015f\u00fcm hedeflerimiz bak\u0131m\u0131ndan \u00f6nemli bir ad\u0131md\u0131r. 5G\u2019yi yaln\u0131zca mobil ileti\u015fimde h\u0131z art\u0131\u015f\u0131 olarak de\u011fil, \u00fclkemizin dijitalle\u015fme kapasitesini geli\u015ftirecek ve farkl\u0131 sekt\u00f6rlerdeki teknolojik d\u00f6n\u00fc\u015f\u00fcm\u00fc destekleyecek yeni nesil bir altyap\u0131 olarak de\u011ferlendiriyoruz. Bu teknoloji, vatanda\u015flar\u0131m\u0131za daha h\u0131zl\u0131 ve kaliteli ileti\u015fim hizmetleri sunarken kamu, \u00f6zel sekt\u00f6r ve giri\u015fimcilik ekosistemi i\u00e7in de yeni imk\u00e2nlar olu\u015fturacakt\u0131r. BTHK olarak ge\u00e7i\u015f s\u00fcrecinin teknik ve d\u00fczenleyici gereklilikler, hizmet kalitesi standartlar\u0131 ve kamu yarar\u0131 do\u011frultusunda y\u00fcr\u00fct\u00fclmesine y\u00f6nelik \u00e7al\u0131\u015fmalar\u0131m\u0131z\u0131 s\u00fcrd\u00fcrece\u011fiz. \u0130mzalanan protokol\u00fcn \u00fclkemize ve halk\u0131m\u0131za hay\u0131rl\u0131 olmas\u0131n\u0131 diliyorum.\u201d<\/p>\n\n\n\n<h2 class=\"wp-block-heading\"><strong>K\u00fc\u00e7\u00fck\u00f6zdemir: \u201c5G ile Kuzey K\u0131br\u0131s\u2019\u0131n dijital gelece\u011fine yat\u0131r\u0131m yap\u0131yoruz\u201d<\/strong><\/h2>\n\n\n\n<p class=\"wp-block-paragraph\">Kuzey K\u0131br\u0131s Turkcell Genel M\u00fcd\u00fcr\u00fc Murat K\u00fc\u00e7\u00fck\u00f6zdemir, protokol\u00fcn \u015firketin 5G yolculu\u011funda \u00f6nemli bir kilometre ta\u015f\u0131 oldu\u011funu vurgulayarak \u015fu ifadeleri kulland\u0131:<\/p>\n\n\n\n<p class=\"wp-block-paragraph\">\u201cBug\u00fcn imzalad\u0131\u011f\u0131m\u0131z protokolle Kuzey K\u0131br\u0131s\u2019\u0131n dijital gelece\u011fi i\u00e7in \u00f6nemli bir e\u015fi\u011fi daha geride b\u0131rak\u0131yoruz. 5G demo \u00e7al\u0131\u015fmalar\u0131m\u0131z\u0131 19\u201321 Temmuz tarihlerinde ba\u015far\u0131yla tamamlad\u0131k. BTHK taraf\u0131ndan verilen izinler kapsam\u0131nda, mevcut frekanslara ilave edilecek yeni frekanslarla birlikte 5G hizmetinin devreye al\u0131nmas\u0131 i\u00e7in 15 Kas\u0131m 2026 tarihi uygun g\u00f6r\u00fclm\u00fc\u015ft\u00fcr.<\/p>\n\n\n\n<p class=\"wp-block-paragraph\">Kuzey K\u0131br\u0131s Turkcell olarak 27 y\u0131ld\u0131r ileti\u015fim teknolojilerine ve altyap\u0131ya yapt\u0131\u011f\u0131m\u0131z yat\u0131r\u0131mlarla \u00fclkemizin dijitalle\u015fmesine katk\u0131 sa\u011fl\u0131yoruz. \u015eimdi 5G ile bu katk\u0131y\u0131 yeni bir a\u015famaya ta\u015f\u0131yoruz. \u2018De\u011fer \u00dcreten G\u00fc\u00e7l\u00fc Ba\u011flant\u0131\u2019 yakla\u015f\u0131m\u0131m\u0131z do\u011frultusunda 5G\u2019yi yaln\u0131zca daha y\u00fcksek h\u0131z ve daha g\u00fc\u00e7l\u00fc ba\u011flant\u0131 sunan bir teknoloji olarak de\u011fil; bireyler, kurumlar ve \u00fclke ekonomisi i\u00e7in yeni imk\u00e2nlar\u0131n \u00f6n\u00fcn\u00fc a\u00e7acak stratejik bir d\u00f6n\u00fc\u015f\u00fcm olarak g\u00f6r\u00fcyoruz.<\/p>\n\n\n\n<p class=\"wp-block-paragraph\">5G\u2019nin sundu\u011fu y\u00fcksek h\u0131z ve kapasiteyi yaln\u0131zca mobil cihazlara de\u011fil, 5G destekli Superbox \u00e7\u00f6z\u00fcmlerimiz arac\u0131l\u0131\u011f\u0131yla evlere de ta\u015f\u0131may\u0131 hedefliyoruz. Uygun kapsama ve \u015febeke ko\u015fullar\u0131nda fiber internet performans\u0131nda y\u00fcksek h\u0131z deneyimi sunarak, \u00f6zellikle sabit altyap\u0131n\u0131n s\u0131n\u0131rl\u0131 oldu\u011fu b\u00f6lgelerde g\u00fc\u00e7l\u00fc bir ev interneti alternatifi olu\u015fturaca\u011f\u0131z.<\/p>\n\n\n\n<p class=\"wp-block-paragraph\">5G; e\u011fitimden sa\u011fl\u0131\u011fa, turizmden \u00fcretime kadar bir\u00e7ok alanda yenilik\u00e7i \u00e7\u00f6z\u00fcmlerin \u00f6n\u00fcn\u00fc a\u00e7acak g\u00fc\u00e7l\u00fc bir altyap\u0131d\u0131r. 15 Kas\u0131m\u2019da Kuzey K\u0131br\u0131s\u2019\u0131 5G teknolojisiyle bulu\u015fturmak i\u00e7in haz\u0131rl\u0131klar\u0131m\u0131z\u0131 s\u00fcrd\u00fcr\u00fcyoruz.<\/p>\n\n\n\n<p class=\"wp-block-paragraph\">Bu \u00f6nemli d\u00f6n\u00fc\u015f\u00fcm\u00fcn ger\u00e7ekle\u015fmesine sunduklar\u0131 katk\u0131 ve destek i\u00e7in ba\u015fta Bakanlar Kurulumuza, Bay\u0131nd\u0131rl\u0131k ve Ula\u015ft\u0131rma Bakanl\u0131\u011f\u0131m\u0131za, Maliye Bakanl\u0131\u011f\u0131m\u0131za ve Bilgi Teknolojileri ve Haberle\u015fme Kurumumuza te\u015fekk\u00fcr ediyoruz. S\u00fcrece emek veren t\u00fcm \u00e7al\u0131\u015fma arkada\u015flar\u0131ma ve payda\u015flar\u0131m\u0131za da g\u00f6n\u00fclden te\u015fekk\u00fcrlerimi sunuyorum. Teknolojiye ve altyap\u0131ya yapt\u0131\u011f\u0131m\u0131z yat\u0131r\u0131mlarla K\u0131br\u0131s\u2019a De\u011fer katmaya devam edece\u011fiz.\u201d<\/p>\n","protected":false},"excerpt":{"rendered":"<p>uzey K\u0131br\u0131s Turkcell ile Bilgi Teknolojileri ve Haberle\u015fme Kurumu (BTHK) aras\u0131nda, 5G hizmetinin devreye al\u0131nmas\u0131na y\u00f6nelik protokol imzaland\u0131. Kuzey K\u0131br\u0131s\u2019\u0131n dijital d\u00f6n\u00fc\u015f\u00fcm\u00fcnde yeni bir d\u00f6nemin kap\u0131s\u0131n\u0131 a\u00e7acak 5G hizmetinin, 15 Kas\u0131m 2026 tarihinde kullan\u0131ma sunulmas\u0131 planlan\u0131yor. BTHK binas\u0131nda ger\u00e7ekle\u015ftirilen t\u00f6rende protokol, BTHK Y\u00f6netim Kurulu Ba\u015fkan\u0131 Do\u00e7. Dr. Kadri B\u00fcr\u00fcnc\u00fck ile Kuzey K\u0131br\u0131s Turkcell Genel M\u00fcd\u00fcr\u00fc [&hellip;]<\/p>\n","protected":false},"author":1,"featured_media":4857,"comment_status":"open","ping_status":"open","sticky":false,"template":"","format":"standard","meta":{"footnotes":""},"categories":[173,177],"tags":[],"class_list":["post-4856","post","type-post","status-publish","format-standard","has-post-thumbnail","hentry","category-business","category-tech"],"amp_enabled":true,"_links":{"self":[{"href":"https:\/\/dikdurus.com\/index.php\/wp-json\/wp\/v2\/posts\/4856","targetHints":{"allow":["GET"]}}],"collection":[{"href":"https:\/\/dikdurus.com\/index.php\/wp-json\/wp\/v2\/posts"}],"about":[{"href":"https:\/\/dikdurus.com\/index.php\/wp-json\/wp\/v2\/types\/post"}],"author":[{"embeddable":true,"href":"https:\/\/dikdurus.com\/index.php\/wp-json\/wp\/v2\/users\/1"}],"replies":[{"embeddable":true,"href":"https:\/\/dikdurus.com\/index.php\/wp-json\/wp\/v2\/comments?post=4856"}],"version-history":[{"count":1,"href":"https:\/\/dikdurus.com\/index.php\/wp-json\/wp\/v2\/posts\/4856\/revisions"}],"predecessor-version":[{"id":4858,"href":"https:\/\/dikdurus.com\/index.php\/wp-json\/wp\/v2\/posts\/4856\/revisions\/4858"}],"wp:featuredmedia":[{"embeddable":true,"href":"https:\/\/dikdurus.com\/index.php\/wp-json\/wp\/v2\/media\/4857"}],"wp:attachment":[{"href":"https:\/\/dikdurus.com\/index.php\/wp-json\/wp\/v2\/media?parent=4856"}],"wp:term":[{"taxonomy":"category","embeddable":true,"href":"https:\/\/dikdurus.com\/index.php\/wp-json\/wp\/v2\/categories?post=4856"},{"taxonomy":"post_tag","embeddable":true,"href":"https:\/\/dikdurus.com\/index.php\/wp-json\/wp\/v2\/tags?post=4856"}],"curies":[{"name":"wp","href":"https:\/\/api.w.org\/{rel}","templated":true}]}}