{"id":4862,"date":"2026-08-12T21:49:22","date_gmt":"2026-08-12T21:49:22","guid":{"rendered":"https:\/\/dikdurus.com\/?p=4862"},"modified":"2026-08-12T21:49:23","modified_gmt":"2026-08-12T21:49:23","slug":"rumlar-muzik-festivalinden-de-korktu","status":"publish","type":"post","link":"https:\/\/dikdurus.com\/index.php\/2026\/08\/12\/rumlar-muzik-festivalinden-de-korktu\/","title":{"rendered":"Rumlar m\u00fczik festivalinden de korktu!"},"content":{"rendered":"\n<p class=\"wp-block-paragraph\"><\/p>\n\n\n\n<p class=\"wp-block-paragraph\">K\u0131br\u0131s Rum D\u0131\u015fi\u015fleri Bakanl\u0131\u011f\u0131, Girne Kalesi\u2019nde 18 Eyl\u00fcl\u2019de d\u00fczenlenmesi planlanan uluslararas\u0131 elektronik m\u00fczik festivali Nexus\u2019un \u201cKKTC\u2019nin tan\u0131nmas\u0131na hizmet etti\u011fi\u201d gerek\u00e7esiyle iptal edilmesi i\u00e7in kampanya ba\u015flatt\u0131.<\/p>\n\n\n\n<figure class=\"wp-block-embed is-type-rich is-provider-x wp-block-embed-x\"><div class=\"wp-block-embed__wrapper\">\n<blockquote class=\"twitter-tweet\" data-width=\"550\" data-dnt=\"true\"><p lang=\"tr\" dir=\"ltr\">\ud83d\udccd K\u0131br\u0131s Rum D\u0131\u015fi\u015fleri Bakanl\u0131\u011f\u0131, Girne Kalesi\u2019nde 18 Eyl\u00fcl\u2019de d\u00fczenlenmesi planlanan uluslararas\u0131 elektronik m\u00fczik festivali Nexus\u2019un \u201cKKTC\u2019nin tan\u0131nmas\u0131na hizmet etti\u011fi\u201d gerek\u00e7esiyle iptal edilmesi i\u00e7in kampanya ba\u015flatt\u0131. <br><br>Festivale kat\u0131laca\u011f\u0131 a\u00e7\u0131klanan \u00fcnl\u00fc isimlere y\u00f6nelik\u2026 <a href=\"https:\/\/t.co\/WFO7jGdxlj\">pic.twitter.com\/WFO7jGdxlj<\/a><\/p>&mdash; Dr. Sefa Karahasan (@sefakarahasan) <a href=\"https:\/\/x.com\/sefakarahasan\/status\/2087582723170795910?ref_src=twsrc%5Etfw\">August 12, 2026<\/a><\/blockquote><script async src=\"https:\/\/platform.x.com\/widgets.js\" charset=\"utf-8\"><\/script>\n<\/div><\/figure>\n","protected":false},"excerpt":{"rendered":"<p>K\u0131br\u0131s Rum D\u0131\u015fi\u015fleri Bakanl\u0131\u011f\u0131, Girne Kalesi\u2019nde 18 Eyl\u00fcl\u2019de d\u00fczenlenmesi planlanan uluslararas\u0131 elektronik m\u00fczik festivali Nexus\u2019un \u201cKKTC\u2019nin tan\u0131nmas\u0131na hizmet etti\u011fi\u201d gerek\u00e7esiyle iptal edilmesi i\u00e7in kampanya ba\u015flatt\u0131.<\/p>\n","protected":false},"author":1,"featured_media":4863,"comment_status":"open","ping_status":"open","sticky":false,"template":"","format":"standard","meta":{"footnotes":""},"categories":[174,5,2],"tags":[179],"class_list":["post-4862","post","type-post","status-publish","format-standard","has-post-thumbnail","hentry","category-entertainment","category-gundem","category-guney-kibris","tag-manset"],"amp_enabled":true,"_links":{"self":[{"href":"https:\/\/dikdurus.com\/index.php\/wp-json\/wp\/v2\/posts\/4862","targetHints":{"allow":["GET"]}}],"collection":[{"href":"https:\/\/dikdurus.com\/index.php\/wp-json\/wp\/v2\/posts"}],"about":[{"href":"https:\/\/dikdurus.com\/index.php\/wp-json\/wp\/v2\/types\/post"}],"author":[{"embeddable":true,"href":"https:\/\/dikdurus.com\/index.php\/wp-json\/wp\/v2\/users\/1"}],"replies":[{"embeddable":true,"href":"https:\/\/dikdurus.com\/index.php\/wp-json\/wp\/v2\/comments?post=4862"}],"version-history":[{"count":1,"href":"https:\/\/dikdurus.com\/index.php\/wp-json\/wp\/v2\/posts\/4862\/revisions"}],"predecessor-version":[{"id":4864,"href":"https:\/\/dikdurus.com\/index.php\/wp-json\/wp\/v2\/posts\/4862\/revisions\/4864"}],"wp:featuredmedia":[{"embeddable":true,"href":"https:\/\/dikdurus.com\/index.php\/wp-json\/wp\/v2\/media\/4863"}],"wp:attachment":[{"href":"https:\/\/dikdurus.com\/index.php\/wp-json\/wp\/v2\/media?parent=4862"}],"wp:term":[{"taxonomy":"category","embeddable":true,"href":"https:\/\/dikdurus.com\/index.php\/wp-json\/wp\/v2\/categories?post=4862"},{"taxonomy":"post_tag","embeddable":true,"href":"https:\/\/dikdurus.com\/index.php\/wp-json\/wp\/v2\/tags?post=4862"}],"curies":[{"name":"wp","href":"https:\/\/api.w.org\/{rel}","templated":true}]}}