{"id":4872,"date":"2026-08-13T14:15:11","date_gmt":"2026-08-13T14:15:11","guid":{"rendered":"https:\/\/dikdurus.com\/?p=4872"},"modified":"2026-08-13T14:15:11","modified_gmt":"2026-08-13T14:15:11","slug":"kuzey-kibris-turkcell-yavru-deniz-kaplumbagalarini-akdenizle-bulusturdu","status":"publish","type":"post","link":"https:\/\/dikdurus.com\/index.php\/2026\/08\/13\/kuzey-kibris-turkcell-yavru-deniz-kaplumbagalarini-akdenizle-bulusturdu\/","title":{"rendered":"Kuzey K\u0131br\u0131s Turkcell, yavru deniz kaplumba\u011falar\u0131n\u0131 Akdeniz&#8217;le bulu\u015fturdu"},"content":{"rendered":"\n<p class=\"wp-block-paragraph\"><\/p>\n\n\n\n<p class=\"wp-block-paragraph\">Kuzey K\u0131br\u0131s Turkcell, Kuzey K\u0131br\u0131s Kaplumba\u011falar\u0131 Koruma Derne\u011fi&#8217;nin (SPOT) deste\u011fiyle, s\u00fcrd\u00fcr\u00fclebilir \u00e7evre bilincine katk\u0131 sa\u011flamak amac\u0131yla geleneksel olarak d\u00fczenledi\u011fi Kaplumba\u011falar\u0131 Suya B\u0131rakma Etkinli\u011fi&#8217;ni bu y\u0131l da Alagadi 2 Plaj\u0131&#8217;nda ger\u00e7ekle\u015ftirdi.<\/p>\n\n\n\n<p class=\"wp-block-paragraph\">&#8220;Maviye Uzanan Her Ad\u0131m, K\u0131br\u0131s\u2019a De\u011fer&#8221; slogan\u0131yla ger\u00e7ekle\u015ftirilen etkinlikte, yavru deniz kaplumba\u011falar\u0131 kat\u0131l\u0131mc\u0131larla birlikte Akdeniz&#8217;e u\u011furland\u0131.<\/p>\n\n\n\n<p class=\"wp-block-paragraph\">Etkinli\u011fe; \u00c7evre Koruma Dairesi M\u00fcd\u00fcr\u00fc Y\u0131lmaz Altunterim, Kuzey K\u0131br\u0131s Kaplumba\u011falar\u0131 Koruma Derne\u011fi (SPOT) Ba\u015fkan\u0131 Kutlay Ke\u00e7o, SPOT Y\u00f6netim Kurulu \u00dcyesi Damla Beton, Kuzey K\u0131br\u0131s Turkcell Genel M\u00fcd\u00fcr\u00fc Murat K\u00fc\u00e7\u00fck\u00f6zdemir, SPOT g\u00f6n\u00fcll\u00fcleri, SOS \u00c7ocukk\u00f6y\u00fc Derne\u011fi \u00e7ocuklar\u0131 ve aileleri ile Kuzey K\u0131br\u0131s Turkcell y\u00f6netici ve \u00e7al\u0131\u015fanlar\u0131 kat\u0131ld\u0131.<\/p>\n\n\n\n<p class=\"wp-block-paragraph\"><strong>\u00c7ocuklar deniz kaplumba\u011falar\u0131n\u0131n ya\u015fam d\u00f6ng\u00fcs\u00fcn\u00fc yak\u0131ndan deneyimledi<\/strong><\/p>\n\n\n\n<p class=\"wp-block-paragraph\">Etkinlikte, SOS \u00c7ocukk\u00f6y\u00fc Derne\u011fi \u00e7ocuklar\u0131 ve aileleri kar\u015f\u0131land\u0131. \u00c7ocuk aktiviteleri, ikramlar ve m\u00fczik e\u015fli\u011finde ba\u015flayan programda \u00e7ocuklar, SPOT yetkilileri ve g\u00f6n\u00fcll\u00fclerinin e\u015fli\u011finde deniz kaplumba\u011falar\u0131n\u0131n ya\u015fam d\u00f6ng\u00fcs\u00fcn\u00fc yak\u0131ndan tan\u0131ma f\u0131rsat\u0131 buldu.<\/p>\n\n\n\n<p class=\"wp-block-paragraph\">\u00c7ocuklar, yavru kaplumba\u011falar\u0131n denize b\u0131rak\u0131lmas\u0131ndan \u00f6nce yuva a\u00e7\u0131l\u0131m\u0131n\u0131 deneyimledi. Kulu\u00e7ka d\u00f6nemi tamamlanan Caretta caretta ve Ye\u015fil Deniz Kaplumba\u011fas\u0131 yuvalar\u0131, SPOT ekibinin kontrol\u00fcnde a\u00e7\u0131larak incelendi. Yuva a\u00e7\u0131l\u0131m\u0131 s\u0131ras\u0131nda yumurtalar\u0131n ve yavrular\u0131n durumu kontrol edilirken, bilimsel \u00e7al\u0131\u015fmalar kapsam\u0131nda gerekli veriler kay\u0131t alt\u0131na al\u0131nd\u0131 ve kumda kalan yavrular\u0131n g\u00fcvenli \u015fekilde denize ula\u015fmas\u0131 sa\u011fland\u0131.<\/p>\n\n\n\n<p class=\"wp-block-paragraph\">Etkinlikte s\u0131ras\u0131yla SPOT Y\u00f6netim Kurulu \u00dcyesi Damla Beton, Kuzey K\u0131br\u0131s Turkcell Genel M\u00fcd\u00fcr\u00fc Murat K\u00fc\u00e7\u00fck\u00f6zdemir ve \u00c7evre Koruma Dairesi M\u00fcd\u00fcr\u00fc Y\u0131lmaz Altunterim konu\u015fma ger\u00e7ekle\u015ftirdi.<\/p>\n\n\n\n<p class=\"wp-block-paragraph\"><strong>Beton: Deniz kaplumba\u011falar\u0131n\u0131n korunmas\u0131nda toplumsal fark\u0131ndal\u0131k \u00f6nemli<\/strong><\/p>\n\n\n\n<p class=\"wp-block-paragraph\">SPOT Y\u00f6netim Kurulu \u00dcyesi Damla Beton, deniz kaplumba\u011falar\u0131n\u0131n ve ya\u015fam alanlar\u0131n\u0131n korunmas\u0131na y\u00f6nelik y\u00fcr\u00fct\u00fclen \u00e7al\u0131\u015fmalar hakk\u0131nda bilgi verdi. Uzun y\u0131llard\u0131r s\u00fcrd\u00fcr\u00fclen koruma \u00e7al\u0131\u015fmalar\u0131nda toplumsal fark\u0131ndal\u0131\u011f\u0131n ve g\u00f6n\u00fcll\u00fcl\u00fc\u011f\u00fcn \u00f6nemine dikkat \u00e7eken Beton, deniz kaplumba\u011falar\u0131n\u0131n gelecek nesillere aktar\u0131lmas\u0131 gereken \u00f6nemli bir do\u011fal miras oldu\u011funu vurgulad\u0131.<\/p>\n\n\n\n<p class=\"wp-block-paragraph\"><strong>K\u00fc\u00e7\u00fck\u00f6zdemir: &#8220;K\u0131br\u0131s&#8217;a kal\u0131c\u0131 de\u011fer b\u0131rakmak i\u00e7in \u00e7al\u0131\u015f\u0131yoruz&#8221;<\/strong><\/p>\n\n\n\n<p class=\"wp-block-paragraph\">Kuzey K\u0131br\u0131s Turkcell Genel M\u00fcd\u00fcr\u00fc Murat K\u00fc\u00e7\u00fck\u00f6zdemir, deniz kaplumba\u011falar\u0131n\u0131n korunmas\u0131n\u0131n adan\u0131n do\u011fal miras\u0131n\u0131n gelece\u011fe ta\u015f\u0131nmas\u0131 a\u00e7\u0131s\u0131ndan b\u00fcy\u00fck \u00f6nem ta\u015f\u0131d\u0131\u011f\u0131n\u0131 belirtti.<\/p>\n\n\n\n<p class=\"wp-block-paragraph\">Kuzey K\u0131br\u0131s Turkcell&#8217;in 27 y\u0131ld\u0131r teknoloji ve ileti\u015fim alan\u0131ndaki yat\u0131r\u0131mlar\u0131n\u0131n yan\u0131 s\u0131ra toplumsal fayda sa\u011flayan projelere de destek verdi\u011fini ifade eden K\u00fc\u00e7\u00fck\u00f6zdemir, &#8220;20 y\u0131l\u0131 a\u015fk\u0131n s\u00fcredir SPOT ile birlikte deniz kaplumba\u011falar\u0131n\u0131n korunmas\u0131na katk\u0131 sa\u011fl\u0131yoruz. E\u011fitimden sa\u011fl\u0131\u011fa, \u00e7ocuklardan \u00e7evreye kadar att\u0131\u011f\u0131m\u0131z her ad\u0131mla K\u0131br\u0131s&#8217;a De\u011fer katmaya \u00e7al\u0131\u015f\u0131yoruz&#8221; dedi.<\/p>\n\n\n\n<p class=\"wp-block-paragraph\">K\u00fc\u00e7\u00fck\u00f6zdemir ayr\u0131ca, 15 Kas\u0131m&#8217;da Kuzey K\u0131br\u0131s&#8217;\u0131 5G teknolojisiyle bulu\u015fturacaklar\u0131n\u0131 belirterek, teknolojiye yap\u0131lan yat\u0131r\u0131mlarla do\u011fal ve toplumsal de\u011ferlerin korunmas\u0131n\u0131 ayn\u0131 sorumlulu\u011fun par\u00e7alar\u0131 olarak g\u00f6rd\u00fcklerini vurgulad\u0131.<\/p>\n\n\n\n<p class=\"wp-block-paragraph\">Etkinli\u011fe \u00e7ocuklar\u0131n kat\u0131l\u0131m\u0131n\u0131n \u00f6nemine de de\u011finen K\u00fc\u00e7\u00fck\u00f6zdemir, do\u011fay\u0131 koruma bilincinin k\u00fc\u00e7\u00fck ya\u015flarda kazan\u0131lan deneyimlerle g\u00fc\u00e7lendi\u011fini ifade ederek, denize b\u0131rak\u0131lan yavru kaplumba\u011falar\u0131n y\u0131llar sonra yeniden ayn\u0131 sahillere d\u00f6nmesi temennisinde bulundu.<\/p>\n\n\n\n<p class=\"wp-block-paragraph\"><strong>Altunterim: Do\u011fal ya\u015fam\u0131n korunmas\u0131nda i\u015f birli\u011fi \u00f6nemli<\/strong><\/p>\n\n\n\n<p class=\"wp-block-paragraph\">\u00c7evre Koruma Dairesi M\u00fcd\u00fcr\u00fc Y\u0131lmaz Altunterim, \u00e7evrenin ve do\u011fal ya\u015fam\u0131n korunmas\u0131n\u0131n \u00f6nemine dikkat \u00e7ekti. Deniz kaplumba\u011falar\u0131n\u0131n korunmas\u0131na y\u00f6nelik y\u00fcr\u00fct\u00fclen \u00e7al\u0131\u015fmalar\u0131n s\u00fcrd\u00fcr\u00fclebilirli\u011fi a\u00e7\u0131s\u0131ndan kamu, \u00f6zel sekt\u00f6r, sivil toplum kurulu\u015flar\u0131 ve g\u00f6n\u00fcll\u00fcler aras\u0131ndaki i\u015f birli\u011finin \u00f6nemini vurgulad\u0131.<\/p>\n\n\n\n<p class=\"wp-block-paragraph\"><strong>Minik ad\u0131mlar Akdeniz&#8217;e ula\u015ft\u0131<\/strong><\/p>\n\n\n\n<p class=\"wp-block-paragraph\">Protokol konu\u015fmalar\u0131n\u0131n ard\u0131ndan kat\u0131l\u0131mc\u0131larla toplu foto\u011fraf \u00e7ekimi ger\u00e7ekle\u015ftirildi. Ard\u0131ndan SPOT yetkilileri ve g\u00f6n\u00fcll\u00fclerinin y\u00f6nlendirmesiyle sahile ge\u00e7ildi. SOS \u00c7ocukk\u00f6y\u00fc Derne\u011fi \u00e7ocuklar\u0131 ve aileleri, SPOT g\u00f6n\u00fcll\u00fcleri ile Kuzey K\u0131br\u0131s Turkcell y\u00f6netici ve \u00e7al\u0131\u015fanlar\u0131 yavru kaplumba\u011falar\u0131n maviye uzanan ilk ad\u0131mlar\u0131na birlikte tan\u0131kl\u0131k etti.<\/p>\n","protected":false},"excerpt":{"rendered":"<p>Kuzey K\u0131br\u0131s Turkcell, Kuzey K\u0131br\u0131s Kaplumba\u011falar\u0131 Koruma Derne\u011fi&#8217;nin (SPOT) deste\u011fiyle, s\u00fcrd\u00fcr\u00fclebilir \u00e7evre bilincine katk\u0131 sa\u011flamak amac\u0131yla geleneksel olarak d\u00fczenledi\u011fi Kaplumba\u011falar\u0131 Suya B\u0131rakma Etkinli\u011fi&#8217;ni bu y\u0131l da Alagadi 2 Plaj\u0131&#8217;nda ger\u00e7ekle\u015ftirdi. &#8220;Maviye Uzanan Her Ad\u0131m, K\u0131br\u0131s\u2019a De\u011fer&#8221; slogan\u0131yla ger\u00e7ekle\u015ftirilen etkinlikte, yavru deniz kaplumba\u011falar\u0131 kat\u0131l\u0131mc\u0131larla birlikte Akdeniz&#8217;e u\u011furland\u0131. Etkinli\u011fe; \u00c7evre Koruma Dairesi M\u00fcd\u00fcr\u00fc Y\u0131lmaz Altunterim, Kuzey K\u0131br\u0131s [&hellip;]<\/p>\n","protected":false},"author":1,"featured_media":4873,"comment_status":"open","ping_status":"open","sticky":false,"template":"","format":"standard","meta":{"footnotes":""},"categories":[7],"tags":[],"class_list":["post-4872","post","type-post","status-publish","format-standard","has-post-thumbnail","hentry","category-egitim"],"amp_enabled":true,"_links":{"self":[{"href":"https:\/\/dikdurus.com\/index.php\/wp-json\/wp\/v2\/posts\/4872","targetHints":{"allow":["GET"]}}],"collection":[{"href":"https:\/\/dikdurus.com\/index.php\/wp-json\/wp\/v2\/posts"}],"about":[{"href":"https:\/\/dikdurus.com\/index.php\/wp-json\/wp\/v2\/types\/post"}],"author":[{"embeddable":true,"href":"https:\/\/dikdurus.com\/index.php\/wp-json\/wp\/v2\/users\/1"}],"replies":[{"embeddable":true,"href":"https:\/\/dikdurus.com\/index.php\/wp-json\/wp\/v2\/comments?post=4872"}],"version-history":[{"count":1,"href":"https:\/\/dikdurus.com\/index.php\/wp-json\/wp\/v2\/posts\/4872\/revisions"}],"predecessor-version":[{"id":4874,"href":"https:\/\/dikdurus.com\/index.php\/wp-json\/wp\/v2\/posts\/4872\/revisions\/4874"}],"wp:featuredmedia":[{"embeddable":true,"href":"https:\/\/dikdurus.com\/index.php\/wp-json\/wp\/v2\/media\/4873"}],"wp:attachment":[{"href":"https:\/\/dikdurus.com\/index.php\/wp-json\/wp\/v2\/media?parent=4872"}],"wp:term":[{"taxonomy":"category","embeddable":true,"href":"https:\/\/dikdurus.com\/index.php\/wp-json\/wp\/v2\/categories?post=4872"},{"taxonomy":"post_tag","embeddable":true,"href":"https:\/\/dikdurus.com\/index.php\/wp-json\/wp\/v2\/tags?post=4872"}],"curies":[{"name":"wp","href":"https:\/\/api.w.org\/{rel}","templated":true}]}}