{"id":4878,"date":"2026-08-14T10:23:33","date_gmt":"2026-08-14T10:23:33","guid":{"rendered":"https:\/\/dikdurus.com\/?p=4878"},"modified":"2026-08-14T10:23:34","modified_gmt":"2026-08-14T10:23:34","slug":"sanatcilara-girneye-festivale-gitmeyin-baskisi","status":"publish","type":"post","link":"https:\/\/dikdurus.com\/index.php\/2026\/08\/14\/sanatcilara-girneye-festivale-gitmeyin-baskisi\/","title":{"rendered":"Sanat\u00e7\u0131lara Girne&#8217;ye festivale gitmeyin bask\u0131s\u0131"},"content":{"rendered":"\n<p class=\"wp-block-paragraph\"><\/p>\n\n\n\n<p class=\"wp-block-paragraph\">RUM K\u00fclt\u00fcr Bakanl\u0131\u011f\u0131, KKTC&#8217;de Girne Kalesi\u2019nde \u2018\u2019Tarihin Gelecekle Bulu\u015ftu\u011fu Yer\u2019\u2019 slogan\u0131yla yap\u0131lmas\u0131 planlanan m\u00fczik festivalinin engellenmesi i\u00e7in yo\u011fun bir \u00e7al\u0131\u015fman\u0131n oldu\u011funu a\u00e7\u0131klad\u0131.<\/p>\n\n\n\n<figure class=\"wp-block-embed is-type-rich is-provider-x wp-block-embed-x\"><div class=\"wp-block-embed__wrapper\">\n<blockquote class=\"twitter-tweet\" data-width=\"550\" data-dnt=\"true\"><p lang=\"tr\" dir=\"ltr\">\ud83d\udccdRUM K\u00fclt\u00fcr Bakanl\u0131\u011f\u0131, KKTC&#39;de Girne Kalesi\u2019nde \u2018\u2019Tarihin Gelecekle Bulu\u015ftu\u011fu Yer\u2019\u2019 slogan\u0131yla yap\u0131lmas\u0131 planlanan m\u00fczik festivalinin engellenmesi i\u00e7in yo\u011fun bir \u00e7al\u0131\u015fman\u0131n oldu\u011funu a\u00e7\u0131klad\u0131.<br><br>Konunun Rum D\u0131\u015fi\u015fleri Bakanl\u0131\u011f\u0131 taraf\u0131ndan takip edildi\u011fini bildiren K\u00fclt\u00fcr Bakanl\u0131\u011f\u0131,\u2026 <a href=\"https:\/\/t.co\/G8JLar8eMr\">pic.twitter.com\/G8JLar8eMr<\/a><\/p>&mdash; Dr. Sefa Karahasan (@sefakarahasan) <a href=\"https:\/\/x.com\/sefakarahasan\/status\/2087966795860750817?ref_src=twsrc%5Etfw\">August 13, 2026<\/a><\/blockquote><script async src=\"https:\/\/platform.x.com\/widgets.js\" charset=\"utf-8\"><\/script>\n<\/div><\/figure>\n","protected":false},"excerpt":{"rendered":"<p>RUM K\u00fclt\u00fcr Bakanl\u0131\u011f\u0131, KKTC&#8217;de Girne Kalesi\u2019nde \u2018\u2019Tarihin Gelecekle Bulu\u015ftu\u011fu Yer\u2019\u2019 slogan\u0131yla yap\u0131lmas\u0131 planlanan m\u00fczik festivalinin engellenmesi i\u00e7in yo\u011fun bir \u00e7al\u0131\u015fman\u0131n oldu\u011funu a\u00e7\u0131klad\u0131.<\/p>\n","protected":false},"author":1,"featured_media":4880,"comment_status":"open","ping_status":"open","sticky":false,"template":"","format":"standard","meta":{"footnotes":""},"categories":[5,2],"tags":[179],"class_list":["post-4878","post","type-post","status-publish","format-standard","has-post-thumbnail","hentry","category-gundem","category-guney-kibris","tag-manset"],"amp_enabled":true,"_links":{"self":[{"href":"https:\/\/dikdurus.com\/index.php\/wp-json\/wp\/v2\/posts\/4878","targetHints":{"allow":["GET"]}}],"collection":[{"href":"https:\/\/dikdurus.com\/index.php\/wp-json\/wp\/v2\/posts"}],"about":[{"href":"https:\/\/dikdurus.com\/index.php\/wp-json\/wp\/v2\/types\/post"}],"author":[{"embeddable":true,"href":"https:\/\/dikdurus.com\/index.php\/wp-json\/wp\/v2\/users\/1"}],"replies":[{"embeddable":true,"href":"https:\/\/dikdurus.com\/index.php\/wp-json\/wp\/v2\/comments?post=4878"}],"version-history":[{"count":1,"href":"https:\/\/dikdurus.com\/index.php\/wp-json\/wp\/v2\/posts\/4878\/revisions"}],"predecessor-version":[{"id":4881,"href":"https:\/\/dikdurus.com\/index.php\/wp-json\/wp\/v2\/posts\/4878\/revisions\/4881"}],"wp:featuredmedia":[{"embeddable":true,"href":"https:\/\/dikdurus.com\/index.php\/wp-json\/wp\/v2\/media\/4880"}],"wp:attachment":[{"href":"https:\/\/dikdurus.com\/index.php\/wp-json\/wp\/v2\/media?parent=4878"}],"wp:term":[{"taxonomy":"category","embeddable":true,"href":"https:\/\/dikdurus.com\/index.php\/wp-json\/wp\/v2\/categories?post=4878"},{"taxonomy":"post_tag","embeddable":true,"href":"https:\/\/dikdurus.com\/index.php\/wp-json\/wp\/v2\/tags?post=4878"}],"curies":[{"name":"wp","href":"https:\/\/api.w.org\/{rel}","templated":true}]}}