{"id":4901,"date":"2026-08-21T14:03:57","date_gmt":"2026-08-21T14:03:57","guid":{"rendered":"https:\/\/dikdurus.com\/?p=4901"},"modified":"2026-08-21T14:03:58","modified_gmt":"2026-08-21T14:03:58","slug":"rumlar-kafayi-festivallerle-bozdu","status":"publish","type":"post","link":"https:\/\/dikdurus.com\/index.php\/2026\/08\/21\/rumlar-kafayi-festivallerle-bozdu\/","title":{"rendered":"Rumlar kafay\u0131 festivallerle bozdu"},"content":{"rendered":"\n<p class=\"wp-block-paragraph\"><\/p>\n\n\n\n<p class=\"wp-block-paragraph\">Rumlar\u0131n bask\u0131 ve tehditleri sonras\u0131nda KKTC&#8217;de Girne\u2019de d\u00fczenlenmesi planlanan \u201cNexus\u201d m\u00fczik festivalinden \u00e7ekilen \u00fcnl\u00fc S\u0131rp EXIT \u015firketinin, etkinli\u011fi G\u00fcney K\u0131br\u0131s\u2019ta ger\u00e7ekle\u015ftirece\u011fi bildirildi.<\/p>\n\n\n\n<figure class=\"wp-block-embed is-type-rich is-provider-twitter wp-block-embed-twitter\"><div class=\"wp-block-embed__wrapper\">\n<blockquote class=\"twitter-tweet\" data-width=\"550\" data-dnt=\"true\"><p lang=\"tr\" dir=\"ltr\">\ud83d\udccdRumlar\u0131n bask\u0131 ve tehditleri sonras\u0131nda KKTC&#39;de Girne\u2019de d\u00fczenlenmesi planlanan \u201cNexus\u201d m\u00fczik festivalinden \u00e7ekilen \u00fcnl\u00fc S\u0131rp EXIT \u015firketinin, etkinli\u011fi G\u00fcney K\u0131br\u0131s\u2019ta ger\u00e7ekle\u015ftirece\u011fi bildirildi.<br><br>\u015eirket y\u00f6neticilerinin Rum y\u00f6netimi yetkililerine \u201cEtkinli\u011fi \u00f6zg\u00fcr b\u00f6lgelere\u2026 <a href=\"https:\/\/t.co\/98X7iygvQ5\">https:\/\/t.co\/98X7iygvQ5<\/a> <a href=\"https:\/\/t.co\/vRcpPTLUAY\">pic.twitter.com\/vRcpPTLUAY<\/a><\/p>&mdash; Dr. Sefa Karahasan (@sefakarahasan) <a href=\"https:\/\/x.com\/sefakarahasan\/status\/2090706865147552105?ref_src=twsrc%5Etfw\">August 21, 2026<\/a><\/blockquote><script async src=\"https:\/\/platform.x.com\/widgets.js\" charset=\"utf-8\"><\/script>\n<\/div><\/figure>\n","protected":false},"excerpt":{"rendered":"<p>Rumlar\u0131n bask\u0131 ve tehditleri sonras\u0131nda KKTC&#8217;de Girne\u2019de d\u00fczenlenmesi planlanan \u201cNexus\u201d m\u00fczik festivalinden \u00e7ekilen \u00fcnl\u00fc S\u0131rp EXIT \u015firketinin, etkinli\u011fi G\u00fcney K\u0131br\u0131s\u2019ta ger\u00e7ekle\u015ftirece\u011fi bildirildi.<\/p>\n","protected":false},"author":1,"featured_media":4902,"comment_status":"open","ping_status":"open","sticky":false,"template":"","format":"standard","meta":{"footnotes":""},"categories":[174,175,5,2],"tags":[179],"class_list":["post-4901","post","type-post","status-publish","format-standard","has-post-thumbnail","hentry","category-entertainment","category-fashion","category-gundem","category-guney-kibris","tag-manset"],"amp_enabled":true,"_links":{"self":[{"href":"https:\/\/dikdurus.com\/index.php\/wp-json\/wp\/v2\/posts\/4901","targetHints":{"allow":["GET"]}}],"collection":[{"href":"https:\/\/dikdurus.com\/index.php\/wp-json\/wp\/v2\/posts"}],"about":[{"href":"https:\/\/dikdurus.com\/index.php\/wp-json\/wp\/v2\/types\/post"}],"author":[{"embeddable":true,"href":"https:\/\/dikdurus.com\/index.php\/wp-json\/wp\/v2\/users\/1"}],"replies":[{"embeddable":true,"href":"https:\/\/dikdurus.com\/index.php\/wp-json\/wp\/v2\/comments?post=4901"}],"version-history":[{"count":1,"href":"https:\/\/dikdurus.com\/index.php\/wp-json\/wp\/v2\/posts\/4901\/revisions"}],"predecessor-version":[{"id":4903,"href":"https:\/\/dikdurus.com\/index.php\/wp-json\/wp\/v2\/posts\/4901\/revisions\/4903"}],"wp:featuredmedia":[{"embeddable":true,"href":"https:\/\/dikdurus.com\/index.php\/wp-json\/wp\/v2\/media\/4902"}],"wp:attachment":[{"href":"https:\/\/dikdurus.com\/index.php\/wp-json\/wp\/v2\/media?parent=4901"}],"wp:term":[{"taxonomy":"category","embeddable":true,"href":"https:\/\/dikdurus.com\/index.php\/wp-json\/wp\/v2\/categories?post=4901"},{"taxonomy":"post_tag","embeddable":true,"href":"https:\/\/dikdurus.com\/index.php\/wp-json\/wp\/v2\/tags?post=4901"}],"curies":[{"name":"wp","href":"https:\/\/api.w.org\/{rel}","templated":true}]}}