{"id":4907,"date":"2026-08-21T14:08:22","date_gmt":"2026-08-21T14:08:22","guid":{"rendered":"https:\/\/dikdurus.com\/?p=4907"},"modified":"2026-08-21T14:08:22","modified_gmt":"2026-08-21T14:08:22","slug":"rumlar-basarili-olamadi-turk-tarafi-dinlendi","status":"publish","type":"post","link":"https:\/\/dikdurus.com\/index.php\/2026\/08\/21\/rumlar-basarili-olamadi-turk-tarafi-dinlendi\/","title":{"rendered":"Rumlar ba\u015far\u0131l\u0131 olamad\u0131: T\u00fcrk taraf\u0131 dinlendi"},"content":{"rendered":"\n<p class=\"wp-block-paragraph\"><\/p>\n\n\n\n<p class=\"wp-block-paragraph\">KIBRIS\u2019ta yabanc\u0131 \u00fclke b\u00fcy\u00fckel\u00e7ilerin KKTC Cumhurba\u015fkan\u0131 Tufan Erh\u00fcrman\u2019\u0131n M\u00fcste\u015far\u0131 Mehmet Dana ile g\u00f6r\u00fc\u015fmesini engellemeye \u00e7al\u0131\u015fan Rum y\u00f6netimi liderli\u011fi ba\u015far\u0131l\u0131 olamad\u0131.<\/p>\n\n\n\n<figure class=\"wp-block-embed is-type-rich is-provider-x wp-block-embed-x\"><div class=\"wp-block-embed__wrapper\">\n<blockquote class=\"twitter-tweet\" data-width=\"550\" data-dnt=\"true\"><p lang=\"tr\" dir=\"ltr\">\ud83d\udccdKIBRIS\u2019ta yabanc\u0131 \u00fclke b\u00fcy\u00fckel\u00e7ilerin KKTC Cumhurba\u015fkan\u0131 Tufan Erh\u00fcrman\u2019\u0131n M\u00fcste\u015far\u0131 Mehmet Dana ile g\u00f6r\u00fc\u015fmesini engellemeye \u00e7al\u0131\u015fan Rum y\u00f6netimi liderli\u011fi ba\u015far\u0131l\u0131 olamad\u0131. <br><br>K\u0131br\u0131s\u2019ta g\u00f6rev yapan 11 \u00fclkenin b\u00fcy\u00fckel\u00e7ileri ve yetkilileri M\u00fcste\u015far Dana ile ye\u015fil hatta bir araya\u2026 <a href=\"https:\/\/t.co\/8ddWMxpyKI\">https:\/\/t.co\/8ddWMxpyKI<\/a> <a href=\"https:\/\/t.co\/PmgEV3zlQ8\">pic.twitter.com\/PmgEV3zlQ8<\/a><\/p>&mdash; Dr. Sefa Karahasan (@sefakarahasan) <a href=\"https:\/\/x.com\/sefakarahasan\/status\/2090061045024870811?ref_src=twsrc%5Etfw\">August 19, 2026<\/a><\/blockquote><script async src=\"https:\/\/platform.x.com\/widgets.js\" charset=\"utf-8\"><\/script>\n<\/div><\/figure>\n","protected":false},"excerpt":{"rendered":"<p>KIBRIS\u2019ta yabanc\u0131 \u00fclke b\u00fcy\u00fckel\u00e7ilerin KKTC Cumhurba\u015fkan\u0131 Tufan Erh\u00fcrman\u2019\u0131n M\u00fcste\u015far\u0131 Mehmet Dana ile g\u00f6r\u00fc\u015fmesini engellemeye \u00e7al\u0131\u015fan Rum y\u00f6netimi liderli\u011fi ba\u015far\u0131l\u0131 olamad\u0131.<\/p>\n","protected":false},"author":1,"featured_media":4908,"comment_status":"open","ping_status":"open","sticky":false,"template":"","format":"standard","meta":{"footnotes":""},"categories":[5,2,3],"tags":[],"class_list":["post-4907","post","type-post","status-publish","format-standard","has-post-thumbnail","hentry","category-gundem","category-guney-kibris","category-kibris-sorunu"],"amp_enabled":true,"_links":{"self":[{"href":"https:\/\/dikdurus.com\/index.php\/wp-json\/wp\/v2\/posts\/4907","targetHints":{"allow":["GET"]}}],"collection":[{"href":"https:\/\/dikdurus.com\/index.php\/wp-json\/wp\/v2\/posts"}],"about":[{"href":"https:\/\/dikdurus.com\/index.php\/wp-json\/wp\/v2\/types\/post"}],"author":[{"embeddable":true,"href":"https:\/\/dikdurus.com\/index.php\/wp-json\/wp\/v2\/users\/1"}],"replies":[{"embeddable":true,"href":"https:\/\/dikdurus.com\/index.php\/wp-json\/wp\/v2\/comments?post=4907"}],"version-history":[{"count":1,"href":"https:\/\/dikdurus.com\/index.php\/wp-json\/wp\/v2\/posts\/4907\/revisions"}],"predecessor-version":[{"id":4909,"href":"https:\/\/dikdurus.com\/index.php\/wp-json\/wp\/v2\/posts\/4907\/revisions\/4909"}],"wp:featuredmedia":[{"embeddable":true,"href":"https:\/\/dikdurus.com\/index.php\/wp-json\/wp\/v2\/media\/4908"}],"wp:attachment":[{"href":"https:\/\/dikdurus.com\/index.php\/wp-json\/wp\/v2\/media?parent=4907"}],"wp:term":[{"taxonomy":"category","embeddable":true,"href":"https:\/\/dikdurus.com\/index.php\/wp-json\/wp\/v2\/categories?post=4907"},{"taxonomy":"post_tag","embeddable":true,"href":"https:\/\/dikdurus.com\/index.php\/wp-json\/wp\/v2\/tags?post=4907"}],"curies":[{"name":"wp","href":"https:\/\/api.w.org\/{rel}","templated":true}]}}