{"id":4947,"date":"2026-09-04T11:34:28","date_gmt":"2026-09-04T11:34:28","guid":{"rendered":"https:\/\/dikdurus.com\/?p=4947"},"modified":"2026-09-04T11:34:29","modified_gmt":"2026-09-04T11:34:29","slug":"kaptan-kendisini-boyle-savundu-geminin-arizali-oldugunu-bilmiyordum","status":"publish","type":"post","link":"https:\/\/dikdurus.com\/index.php\/2026\/09\/04\/kaptan-kendisini-boyle-savundu-geminin-arizali-oldugunu-bilmiyordum\/","title":{"rendered":"Kaptan kendisini b\u00f6yle savundu: &#8216;Geminin ar\u0131zal\u0131 oldu\u011funu bilmiyordum"},"content":{"rendered":"\n<p class=\"wp-block-paragraph\">KKTC&#8217;de Girne a\u00e7\u0131klar\u0131nda meydana gelen yolcu gemisi facias\u0131n\u0131n kaptan\u0131 Mustafa \u00d6z\u2019\u00fcn, g\u00f6n\u00fcll\u00fc ifadesinde, &#8221;Ben geminin ar\u0131zal\u0131 oldu\u011funu bilmiyordum&#8221; dedi\u011fi \u00f6\u011frenildi.<\/p>\n\n\n\n<p class=\"wp-block-paragraph\"><\/p>\n\n\n\n<figure class=\"wp-block-embed is-type-rich is-provider-x wp-block-embed-x\"><div class=\"wp-block-embed__wrapper\">\n<blockquote class=\"twitter-tweet\" data-width=\"550\" data-dnt=\"true\"><p lang=\"tr\" dir=\"ltr\">Kaptan kendisini b\u00f6yle savundu: &#39;Geminin ar\u0131zal\u0131 oldu\u011funu bilmiyordum<br><br>\ud83d\udccdKKTC&#39;de Girne a\u00e7\u0131klar\u0131nda meydana gelen yolcu gemisi facias\u0131n\u0131n kaptan\u0131 Mustafa \u00d6z\u2019\u00fcn, g\u00f6n\u00fcll\u00fc ifadesinde, &#39;&#39;Ben geminin ar\u0131zal\u0131 oldu\u011funu bilmiyordum&#39;&#39; dedi\u011fi \u00f6\u011frenildi.<br><br>Edindi\u011fim bilgilere g\u00f6re Kaptan \u00d6z\u2026 <a href=\"https:\/\/t.co\/z800YDjWGr\">https:\/\/t.co\/z800YDjWGr<\/a> <a href=\"https:\/\/t.co\/yNpyjq5l4S\">pic.twitter.com\/yNpyjq5l4S<\/a><\/p>&mdash; Dr. Sefa Karahasan (@sefakarahasan) <a href=\"https:\/\/x.com\/sefakarahasan\/status\/2095509071063400924?ref_src=twsrc%5Etfw\">September 3, 2026<\/a><\/blockquote><script async src=\"https:\/\/platform.x.com\/widgets.js\" charset=\"utf-8\"><\/script>\n<\/div><\/figure>\n","protected":false},"excerpt":{"rendered":"<p>KKTC&#8217;de Girne a\u00e7\u0131klar\u0131nda meydana gelen yolcu gemisi facias\u0131n\u0131n kaptan\u0131 Mustafa \u00d6z\u2019\u00fcn, g\u00f6n\u00fcll\u00fc ifadesinde, &#8221;Ben geminin ar\u0131zal\u0131 oldu\u011funu bilmiyordum&#8221; dedi\u011fi \u00f6\u011frenildi.<\/p>\n","protected":false},"author":1,"featured_media":4948,"comment_status":"open","ping_status":"open","sticky":false,"template":"","format":"standard","meta":{"footnotes":""},"categories":[5],"tags":[179],"class_list":["post-4947","post","type-post","status-publish","format-standard","has-post-thumbnail","hentry","category-gundem","tag-manset"],"amp_enabled":true,"_links":{"self":[{"href":"https:\/\/dikdurus.com\/index.php\/wp-json\/wp\/v2\/posts\/4947","targetHints":{"allow":["GET"]}}],"collection":[{"href":"https:\/\/dikdurus.com\/index.php\/wp-json\/wp\/v2\/posts"}],"about":[{"href":"https:\/\/dikdurus.com\/index.php\/wp-json\/wp\/v2\/types\/post"}],"author":[{"embeddable":true,"href":"https:\/\/dikdurus.com\/index.php\/wp-json\/wp\/v2\/users\/1"}],"replies":[{"embeddable":true,"href":"https:\/\/dikdurus.com\/index.php\/wp-json\/wp\/v2\/comments?post=4947"}],"version-history":[{"count":1,"href":"https:\/\/dikdurus.com\/index.php\/wp-json\/wp\/v2\/posts\/4947\/revisions"}],"predecessor-version":[{"id":4949,"href":"https:\/\/dikdurus.com\/index.php\/wp-json\/wp\/v2\/posts\/4947\/revisions\/4949"}],"wp:featuredmedia":[{"embeddable":true,"href":"https:\/\/dikdurus.com\/index.php\/wp-json\/wp\/v2\/media\/4948"}],"wp:attachment":[{"href":"https:\/\/dikdurus.com\/index.php\/wp-json\/wp\/v2\/media?parent=4947"}],"wp:term":[{"taxonomy":"category","embeddable":true,"href":"https:\/\/dikdurus.com\/index.php\/wp-json\/wp\/v2\/categories?post=4947"},{"taxonomy":"post_tag","embeddable":true,"href":"https:\/\/dikdurus.com\/index.php\/wp-json\/wp\/v2\/tags?post=4947"}],"curies":[{"name":"wp","href":"https:\/\/api.w.org\/{rel}","templated":true}]}}