{"id":605,"date":"2024-07-05T09:50:22","date_gmt":"2024-07-05T09:50:22","guid":{"rendered":"https:\/\/dikdurus.com\/?p=605"},"modified":"2024-07-05T09:50:22","modified_gmt":"2024-07-05T09:50:22","slug":"fatos-unal-kim-yipranan-yargi-ve-polis","status":"publish","type":"post","link":"https:\/\/dikdurus.com\/index.php\/2024\/07\/05\/fatos-unal-kim-yipranan-yargi-ve-polis\/","title":{"rendered":"Fato\u015f \u00dcnal kim? Y\u0131pranan yarg\u0131 ve polis!"},"content":{"rendered":"\n<p>H\u00fcseyin EKMEK\u00c7\u0130-Haber K\u0131br\u0131s<\/p>\n\n\n\n<p>SAHTE D\u0130PLOMA DAVASINDA HERKESE KELEP\u00c7E VURULDU, G\u00dcNLERCE MAHKEMEYE \u00c7IKARILDI. EV\u0130 ARANDI, \u0130\u015e\u0130NDEN, A\u015eINDAN OLANLAR OLDU\u2026 PEK\u0130 FATMA \u00dcNAL K\u0130M? BU AYRICALIK NEDEN? \u0130ST\u0130HBARAT\u00c7I MI? DEVLET G\u00d6REVL\u0130S\u0130 M\u0130? K\u0130MD\u0130R, NED\u0130R?<\/p>\n\n\n\n<p>\u201cPAZARLIKLA ADAYA GELD\u0130, TUTUKLANMADAN SALIVER\u0130LECEK\u201d \u0130DD\u0130ALARINA HEP, \u201cEMSALLER\u0130NE BAKIN\u201d DED\u0130K. \u0130DD\u0130A SAH\u0130PLER\u0130 HAKLI \u00c7IKTI. KADIN KURULTAY \u00c7ALI\u015eMALARINA BA\u015eLADI B\u0130LE\u2026 YIPRANAN POL\u0130S, YIPRANAN YARGI\u2026<\/p>\n\n\n\n<p>Polis Genel m\u00fcd\u00fcrl\u00fc\u011f\u00fc 60\u2019\u0131nc\u0131 y\u0131l\u0131n\u0131 kutlad\u0131. Resepsiyonlar, halkla bulu\u015fmalar, \u00e7i\u00e7ek da\u011f\u0131tmalar\u2026 Polis Genel M\u00fcd\u00fcr\u00fc her konu\u015fmas\u0131nda polisin daha da g\u00fc\u00e7lenece\u011fini, halk i\u00e7in daha \u00e7ok \u00e7al\u0131\u015faca\u011f\u0131n\u0131, adalet i\u00e7in m\u00fccadele edece\u011fini s\u00f6yledi\u2026<\/p>\n\n\n\n<p>Elbette polisten beklentimiz bunlar. E\u011fer polis, herkese e\u015fit davranmayacaksa, yasalar kar\u015f\u0131s\u0131nda ayn\u0131 su\u00e7u i\u015fleyenlere farkl\u0131 muameleler yapacaksa, i\u015fimiz var. G\u00f6kkubbe a\u015fa\u011f\u0131 inse, polis herkese e\u015fit ve adil davranmak zorundad\u0131r, mecburdur, g\u00f6revidir\u2026 G\u00fcvencemiz budur\u2026<\/p>\n\n\n\n<p>Sahte diploma olay\u0131 ile ilgili memleket alt\u00fcst oldu. Polis m\u00fcd\u00fcr\u00fc, r\u00fctbeli subaylar, astsubaylar, doktorlar, kamu \u00e7al\u0131\u015fanlar\u0131 bu dava kapsam\u0131nda tutukland\u0131. En az \u00fc\u00e7 g\u00fcn tutuklu kald\u0131. Sahte diploma olay\u0131na kar\u0131\u015fan kim varsa polis taraf\u0131ndan tutuklama talebiyle mahkemeye g\u00f6t\u00fcr\u00fcld\u00fc<\/p>\n\n\n\n<p>Peki biz d\u00fcn ne ya\u015fad\u0131k? Aylard\u0131r aleyhinde tutuklama karar\u0131 bulunan Fatma \u00dcnal, bilinen ismi ile Fato\u015f Juju, sessiz sedas\u0131z mahkemeye \u00e7\u0131kar\u0131ld\u0131, polis tutuklama talebinde bulunmad\u0131, elini kolunu sallayarak evine gitti. \u00dcstelik sabah\u0131n k\u00f6r\u00fcnde, bas\u0131ndan da ka\u00e7\u0131r\u0131ld\u0131\u2026<\/p>\n\n\n\n<p>Fatma \u00dcnal kimdir? Bu nas\u0131l bir g\u00fc\u00e7? Bu g\u00fcc\u00fc kimden al\u0131yor? Sahte diploma olay\u0131yla ilgili soru\u015fturulan, adadan ka\u00e7mayan, polise yard\u0131mc\u0131 olan di\u011fer isimlerin g\u00fcnah\u0131 ne? Ayn\u0131 su\u00e7u i\u015fleyenler, veya ayn\u0131 su\u00e7u i\u015fledi\u011fi iddia edilenler, neden polis taraf\u0131ndan ayr\u0131 muameleye tabi tutuluyor?<\/p>\n\n\n\n<p>Fatma \u00dcnal, aylard\u0131r bu toplumla alay ediyor. Arand\u0131\u011f\u0131n\u0131 bildi\u011fi halde polise gitmedi. Adeta yarg\u0131yla alay etti. G\u00f6revini yapmas\u0131n\u0131 engelledi. Adaleti geciktirdi. \u00d6nemli bir soru\u015fturman\u0131n devam\u0131n\u0131 sekteye u\u011fratt\u0131. Hani adalet kar\u015f\u0131s\u0131nda herkes e\u015fitti? Adaletten ka\u00e7anla adalete teslim olan bir mi?<\/p>\n\n\n\n<p>Derdim bir kad\u0131n\u0131n tutuklanmas\u0131, tutuklu kalmas\u0131 falan de\u011fil. Derdim adalet. Derdim e\u015fitlik. Derdim yarg\u0131n\u0131n y\u0131pranmamas\u0131. Derdim polisin y\u0131pranmamas\u0131. Yoksa Allah kimseyi do\u011fru yoldan \u015fa\u015f\u0131rtmas\u0131n, sevdiklerinden ayr\u0131 b\u0131rakmas\u0131n\u2026<\/p>\n\n\n\n<p>\u201cAylard\u0131r yurt d\u0131\u015f\u0131nda olan ve adaletten ka\u00e7an, polisin g\u00f6revini yapmas\u0131n\u0131 engelleyen bu kad\u0131n, tutuklanmayaca\u011f\u0131 s\u00f6z\u00fcn\u00fc alarak \u00fclkeye geri d\u00f6nd\u00fc.\u201d \u0130ddia buydu, inanmak istemedik. \u201cPolis ne zamandan beridir su\u00e7lularla pazarl\u0131k yap\u0131yor?\u201d dedik. Oysa d\u00fcn ya\u015fananlar tam da bu iddiay\u0131 do\u011frular niteliktedir<\/p>\n\n\n\n<p>Sessiz sedas\u0131z adaya geldi. Tutukland\u0131\u011f\u0131na dair polis b\u00fclteninde hi\u00e7bir haber yer almad\u0131. Sabah\u0131n k\u00f6r\u00fcnde mahkemeye \u00e7\u0131kar\u0131ld\u0131. Teminata ba\u011fland\u0131. Serbest b\u0131rak\u0131ld\u0131. Son derece m\u00fckemmel bir kurgu. Kimin a\u00e7\u0131s\u0131ndan? Elbette Fatma \u00dcnal a\u00e7\u0131s\u0131ndan.<\/p>\n\n\n\n<p>Polis alelacele mahkemeye \u00e7\u0131kard\u0131, tutuklama istemedi, Fatma \u00dcnal adaya gelmeden soru\u015fturmay\u0131 tamamlad\u0131\u2026 Ne evini arad\u0131 masum bakan sekreterine yapt\u0131\u011f\u0131 gibi, ne kelep\u00e7e ile bas\u0131n kar\u015f\u0131s\u0131na \u00e7\u0131kard\u0131, eski bakan, polis, asker gibi\u2026 Polise 30 y\u0131l, askere 25 y\u0131l hizmet edenlerin Fatma \u00dcnal kadar de\u011feri yokmu\u015f, anlad\u0131k\u2026<\/p>\n\n\n\n<p>Peki biz kime g\u00fcvenece\u011fiz? Polis te\u015fkilat\u0131 ayn\u0131 davada, ayn\u0131 su\u00e7la tutuklanan ki\u015filere bug\u00fcne kadar hep adil davrand\u0131. Ayn\u0131 prosed\u00fcr\u00fc uygulad\u0131. Fatma \u00dcnal\u2019\u0131 (Juju) di\u011fer zararl\u0131lardan farkl\u0131 k\u0131lan \u00f6zelli\u011fi nedir? UBP Girne Kad\u0131n Kollar\u0131 Ba\u015fkan\u0131 olmas\u0131 m\u0131? Siyaset\u00e7ilere yak\u0131nl\u0131\u011f\u0131 m\u0131? \u0130stihbarat\u00e7\u0131 m\u0131? Devlet g\u00f6revlisi mi? Nedir?<\/p>\n\n\n\n<p>Tam da polis haftas\u0131n\u0131n bug\u00fcne kadar hi\u00e7 olmad\u0131\u011f\u0131 gibi kutland\u0131\u011f\u0131 bir d\u00f6nemde, Fatma \u00dcnal\u2019a yap\u0131lan ve buram buram pazarl\u0131k, buram buram insan kay\u0131rma, buram buram k\u0131yak t\u00fcten bu uygulama hi\u00e7 de ho\u015f olmad\u0131. Kutlamalarda kullan\u0131lan adalet dilinin aksi bir tav\u0131r bu\u2026<\/p>\n\n\n\n<p>Ben a\u00e7\u0131k\u00e7as\u0131 saat ka\u00e7ta u\u00e7akla geldi ve ger\u00e7ekten tutuklan\u0131p tutuklanmad\u0131\u011f\u0131n\u0131 merak ediyorum. D\u00fcn onca tepkiye ra\u011fmen, polis 2 sat\u0131r bir a\u00e7\u0131klama dahi yapmad\u0131. Polisin b\u00f6ylesi bir olayda kamuoyunu ve tepkisini yok saymas\u0131 da, Fatma \u00dcnal\u2019a g\u00fc\u00e7 vermektir\u2026<\/p>\n","protected":false},"excerpt":{"rendered":"<p>H\u00fcseyin EKMEK\u00c7\u0130-Haber K\u0131br\u0131s SAHTE D\u0130PLOMA DAVASINDA HERKESE KELEP\u00c7E VURULDU, G\u00dcNLERCE MAHKEMEYE \u00c7IKARILDI. EV\u0130 ARANDI, \u0130\u015e\u0130NDEN, A\u015eINDAN OLANLAR OLDU\u2026 PEK\u0130 FATMA \u00dcNAL K\u0130M? BU AYRICALIK NEDEN? \u0130ST\u0130HBARAT\u00c7I MI? DEVLET G\u00d6REVL\u0130S\u0130 M\u0130? K\u0130MD\u0130R, NED\u0130R? \u201cPAZARLIKLA ADAYA GELD\u0130, TUTUKLANMADAN SALIVER\u0130LECEK\u201d \u0130DD\u0130ALARINA HEP, \u201cEMSALLER\u0130NE BAKIN\u201d DED\u0130K. \u0130DD\u0130A SAH\u0130PLER\u0130 HAKLI \u00c7IKTI. KADIN KURULTAY \u00c7ALI\u015eMALARINA BA\u015eLADI B\u0130LE\u2026 YIPRANAN POL\u0130S, YIPRANAN YARGI\u2026 [&hellip;]<\/p>\n","protected":false},"author":1,"featured_media":606,"comment_status":"open","ping_status":"open","sticky":false,"template":"","format":"standard","meta":{"footnotes":""},"categories":[5],"tags":[179],"class_list":["post-605","post","type-post","status-publish","format-standard","has-post-thumbnail","hentry","category-gundem","tag-manset"],"amp_enabled":true,"_links":{"self":[{"href":"https:\/\/dikdurus.com\/index.php\/wp-json\/wp\/v2\/posts\/605","targetHints":{"allow":["GET"]}}],"collection":[{"href":"https:\/\/dikdurus.com\/index.php\/wp-json\/wp\/v2\/posts"}],"about":[{"href":"https:\/\/dikdurus.com\/index.php\/wp-json\/wp\/v2\/types\/post"}],"author":[{"embeddable":true,"href":"https:\/\/dikdurus.com\/index.php\/wp-json\/wp\/v2\/users\/1"}],"replies":[{"embeddable":true,"href":"https:\/\/dikdurus.com\/index.php\/wp-json\/wp\/v2\/comments?post=605"}],"version-history":[{"count":1,"href":"https:\/\/dikdurus.com\/index.php\/wp-json\/wp\/v2\/posts\/605\/revisions"}],"predecessor-version":[{"id":607,"href":"https:\/\/dikdurus.com\/index.php\/wp-json\/wp\/v2\/posts\/605\/revisions\/607"}],"wp:featuredmedia":[{"embeddable":true,"href":"https:\/\/dikdurus.com\/index.php\/wp-json\/wp\/v2\/media\/606"}],"wp:attachment":[{"href":"https:\/\/dikdurus.com\/index.php\/wp-json\/wp\/v2\/media?parent=605"}],"wp:term":[{"taxonomy":"category","embeddable":true,"href":"https:\/\/dikdurus.com\/index.php\/wp-json\/wp\/v2\/categories?post=605"},{"taxonomy":"post_tag","embeddable":true,"href":"https:\/\/dikdurus.com\/index.php\/wp-json\/wp\/v2\/tags?post=605"}],"curies":[{"name":"wp","href":"https:\/\/api.w.org\/{rel}","templated":true}]}}